{"id":1432,"date":"2023-11-03T17:01:58","date_gmt":"2023-11-03T17:01:58","guid":{"rendered":"https:\/\/www.estudiodelier.es\/blog\/?p=1432"},"modified":"2023-11-03T17:02:07","modified_gmt":"2023-11-03T17:02:07","slug":"10-ideas-originales-para-decorar-tu-dormitorio-con-cabeceros","status":"publish","type":"post","link":"https:\/\/www.estudiodelier.es\/blog\/10-ideas-originales-para-decorar-tu-dormitorio-con-cabeceros\/","title":{"rendered":"10 Ideas Originales para Decorar tu Dormitorio con Cabeceros"},"content":{"rendered":"\n<p>10 Ideas Originales para Decorar tu Dormitorio con Cabeceros<\/p>\n\n\n\n<p>El dormitorio es un lugar especial en nuestra casa, un refugio donde nos relajamos y descansamos. Cuando se trata de decorar este espacio, cada detalle cuenta, y los cabeceros son elementos clave que pueden transformar completamente la apariencia de tu dormitorio. En este art\u00edculo, exploraremos 10 ideas originales para decorar tu dormitorio con cabeceros, creando estilo y personalidad a tu oasis de tranquilidad.<\/p>\n\n\n\n<h2 class=\"wp-block-heading\"><strong>1. Cabeceros Tapizados <\/strong>o de cuero<\/h2>\n\n\n\n<figure class=\"wp-block-image size-full\"><img decoding=\"async\" loading=\"lazy\" width=\"633\" height=\"800\" src=\"https:\/\/www.estudiodelier.es\/blog\/wp-content\/uploads\/2020\/06\/cuadros-arbol-de-la-vida-2.jpg\" alt=\"cabeceros tapizados\" class=\"wp-image-1149\" srcset=\"https:\/\/www.estudiodelier.es\/blog\/wp-content\/uploads\/2020\/06\/cuadros-arbol-de-la-vida-2.jpg 633w, https:\/\/www.estudiodelier.es\/blog\/wp-content\/uploads\/2020\/06\/cuadros-arbol-de-la-vida-2-237x300.jpg 237w\" sizes=\"(max-width: 633px) 100vw, 633px\" \/><\/figure>\n\n\n\n<p><a href=\"https:\/\/www.estudiodelier.es\/tienda\/productos\/cuadro-triptico-arbol-plata.html\" title=\"\">Cuadro original tr\u00edptico \u00e1rbol de la vida, puedes verlo en tienda estudiodelier.es<\/a><\/p>\n\n\n\n<p>Los cabeceros tapizados son una elecci\u00f3n cl\u00e1sica, pero puedes darles un toque original seleccionando una tela, cuero &#8230;. Patrones florales, geom\u00e9tricos o incluso lisos, pueden inyectar personalidad y energ\u00eda en tu dormitorio.<\/p>\n\n\n\n<h2 class=\"wp-block-heading\"><strong>2. Cabeceros Reciclados de Palets<\/strong><\/h2>\n\n\n\n<figure class=\"wp-block-image size-full\"><img decoding=\"async\" loading=\"lazy\" width=\"640\" height=\"426\" src=\"https:\/\/www.estudiodelier.es\/blog\/wp-content\/uploads\/2023\/11\/northern-beaches-seaside-home-the-home-imgaf01f2590448860a_4-8456-1-0c919eb.jpg\" alt=\"cabecero de palets\" class=\"wp-image-1436\" srcset=\"https:\/\/www.estudiodelier.es\/blog\/wp-content\/uploads\/2023\/11\/northern-beaches-seaside-home-the-home-imgaf01f2590448860a_4-8456-1-0c919eb.jpg 640w, https:\/\/www.estudiodelier.es\/blog\/wp-content\/uploads\/2023\/11\/northern-beaches-seaside-home-the-home-imgaf01f2590448860a_4-8456-1-0c919eb-300x200.jpg 300w\" sizes=\"(max-width: 640px) 100vw, 640px\" \/><\/figure>\n\n\n\n<p><a href=\"https:\/\/www.houzz.es\/revista\/8-ideas-de-cabeceros-de-madera-originales-para-el-dormitorio-stsetivw-vs~75418524\" title=\"\">visto en houzz <\/a><\/p>\n\n\n\n<p>Los palest reciclados son una opci\u00f3n sostenible y \u00fanica para crear un cabecero personalizado. Puedes lijar, pintar y decorar los palest para que se adapten a tu estilo, y luego montarlos en la pared para un cabecero r\u00fastico y original.<\/p>\n\n\n\n<h2 class=\"wp-block-heading\">3. Cabeceros con relieve y texturas<\/h2>\n\n\n\n<figure class=\"wp-block-image size-full\"><img decoding=\"async\" loading=\"lazy\" width=\"806\" height=\"750\" src=\"https:\/\/www.estudiodelier.es\/blog\/wp-content\/uploads\/2023\/11\/cabeceros-modernos-plata.jpg\" alt=\"cabeceros con textura\" class=\"wp-image-1438\" srcset=\"https:\/\/www.estudiodelier.es\/blog\/wp-content\/uploads\/2023\/11\/cabeceros-modernos-plata.jpg 806w, https:\/\/www.estudiodelier.es\/blog\/wp-content\/uploads\/2023\/11\/cabeceros-modernos-plata-300x279.jpg 300w, https:\/\/www.estudiodelier.es\/blog\/wp-content\/uploads\/2023\/11\/cabeceros-modernos-plata-768x715.jpg 768w\" sizes=\"(max-width: 767px) 89vw, (max-width: 1000px) 54vw, (max-width: 1071px) 543px, 580px\" \/><\/figure>\n\n\n\n<p><a href=\"https:\/\/www.estudiodelier.es\/tienda\/categorias\/muebles\/cabeceros-mesillas.html\" title=\"\">cabecero original estudiodelier.es<\/a><\/p>\n\n\n\n<p>Los cabeceros con relieves y texturas  a\u00f1aden un toque de elegancia y luminosidad a tu dormitorio. Reflejar\u00e1n la luz y las sombras, natural ampliar\u00e1n el volumen visualmente , creando un ambiente m\u00e1s luminoso y espacioso y si son plateados como el de la foto incluso aportaras elegancia.<\/p>\n\n\n\n<h2 class=\"wp-block-heading\"><strong>4. Cabeceros de rat\u00e1n y fibras <\/strong><\/h2>\n\n\n\n<figure class=\"wp-block-image size-full\"><img decoding=\"async\" loading=\"lazy\" width=\"564\" height=\"645\" src=\"https:\/\/www.estudiodelier.es\/blog\/wp-content\/uploads\/2023\/11\/361676bd5736249d1e9cea1c43b09cb0.jpg\" alt=\"cabeceros de ratan o fibras\" class=\"wp-image-1441\" srcset=\"https:\/\/www.estudiodelier.es\/blog\/wp-content\/uploads\/2023\/11\/361676bd5736249d1e9cea1c43b09cb0.jpg 564w, https:\/\/www.estudiodelier.es\/blog\/wp-content\/uploads\/2023\/11\/361676bd5736249d1e9cea1c43b09cb0-262x300.jpg 262w\" sizes=\"(max-width: 564px) 100vw, 564px\" \/><\/figure>\n\n\n\n<p>Si eres un amante de la artesan\u00eda, lo natural y ecol\u00f3gico, puedes crear un cabecero personalizado utilizando rat\u00e1n, tales como salvamanteles, alfombras, objetos de decoraci\u00f3n &#8230;..  adem\u00e1s por lo general estos elementos no son caros<\/p>\n\n\n\n<h2 class=\"wp-block-heading\"><strong>5. Cabeceros de <\/strong>metal O FORJA<\/h2>\n\n\n\n<figure class=\"wp-block-image size-full\"><img decoding=\"async\" loading=\"lazy\" width=\"564\" height=\"564\" src=\"https:\/\/www.estudiodelier.es\/blog\/wp-content\/uploads\/2023\/11\/2661fb62981a6d4f08d943ca117fe9ed.jpg\" alt=\"cabecero de metal\" class=\"wp-image-1442\" srcset=\"https:\/\/www.estudiodelier.es\/blog\/wp-content\/uploads\/2023\/11\/2661fb62981a6d4f08d943ca117fe9ed.jpg 564w, https:\/\/www.estudiodelier.es\/blog\/wp-content\/uploads\/2023\/11\/2661fb62981a6d4f08d943ca117fe9ed-300x300.jpg 300w, https:\/\/www.estudiodelier.es\/blog\/wp-content\/uploads\/2023\/11\/2661fb62981a6d4f08d943ca117fe9ed-150x150.jpg 150w, https:\/\/www.estudiodelier.es\/blog\/wp-content\/uploads\/2023\/11\/2661fb62981a6d4f08d943ca117fe9ed-100x100.jpg 100w\" sizes=\"(max-width: 564px) 100vw, 564px\" \/><\/figure>\n\n\n\n<p>visto en pinterest<\/p>\n\n\n\n<p>Los cabeceros de hierro forjado O METAL pueden aportar un toque de elegancia y romanticismo a tu dormitorio. Opta por un dise\u00f1o intrincado o uno m\u00e1s simple, dependiendo de tu estilo personal incluso antig\u00fcedades, balcones, rejas, puertas,,.<\/p>\n\n\n\n<h2 class=\"wp-block-heading\"><strong>6. Cabeceros <\/strong>antiguos de palacio<\/h2>\n\n\n\n<figure class=\"wp-block-image size-full\"><img decoding=\"async\" loading=\"lazy\" width=\"463\" height=\"640\" src=\"https:\/\/www.estudiodelier.es\/blog\/wp-content\/uploads\/2023\/11\/a52fea17305586a756289331ea10e5aa.jpg\" alt=\"deas Originales para Decorar tu Dormitorio con Cabeceros\" class=\"wp-image-1445\" srcset=\"https:\/\/www.estudiodelier.es\/blog\/wp-content\/uploads\/2023\/11\/a52fea17305586a756289331ea10e5aa.jpg 463w, https:\/\/www.estudiodelier.es\/blog\/wp-content\/uploads\/2023\/11\/a52fea17305586a756289331ea10e5aa-217x300.jpg 217w\" sizes=\"(max-width: 463px) 100vw, 463px\" \/><\/figure>\n\n\n\n<p>visto en pinterest<\/p>\n\n\n\n<p>Para una atm\u00f3sfera se\u00f1orial con identidad, considere cabeceros que podemos encontrar en anticuarios, o replicas de cabeceros antiguos, como si de un palacio se tratara. algo que sin duda ser\u00e1 la pieza que centrara todas las miradas, suelen ser piezas \u00fanicas y exclusivas.<\/p>\n\n\n\n<h2 class=\"wp-block-heading\"><strong>7. Cabeceros de Madera Reutilizada<\/strong><\/h2>\n\n\n\n<figure class=\"wp-block-image size-full\"><img decoding=\"async\" loading=\"lazy\" width=\"564\" height=\"849\" src=\"https:\/\/www.estudiodelier.es\/blog\/wp-content\/uploads\/2023\/11\/b9c531fb482f9a8cb13d8c7b1e3ef686.jpg\" alt=\"cabeceros con maderas recicladas\" class=\"wp-image-1446\" srcset=\"https:\/\/www.estudiodelier.es\/blog\/wp-content\/uploads\/2023\/11\/b9c531fb482f9a8cb13d8c7b1e3ef686.jpg 564w, https:\/\/www.estudiodelier.es\/blog\/wp-content\/uploads\/2023\/11\/b9c531fb482f9a8cb13d8c7b1e3ef686-199x300.jpg 199w\" sizes=\"(max-width: 564px) 100vw, 564px\" \/><\/figure>\n\n\n\n<p>visto en pinterest<\/p>\n\n\n\n<p>La madera reutilizada es una elecci\u00f3n sostenible y original para los cabeceros. Puedes encontrar madera envejecida con car\u00e1cter que le dar\u00e1 a tu dormitorio un aspecto \u00fanico y r\u00fastico.<\/p>\n\n\n\n<h2 class=\"wp-block-heading\"><strong>8. Cabeceros de Librer\u00eda<\/strong><\/h2>\n\n\n\n<figure class=\"wp-block-image size-full\"><img decoding=\"async\" loading=\"lazy\" width=\"564\" height=\"564\" src=\"https:\/\/www.estudiodelier.es\/blog\/wp-content\/uploads\/2023\/11\/cabeceros-librerias.jpg\" alt=\"ideas cabeceros librer\u00edas dormitorios\" class=\"wp-image-1449\" srcset=\"https:\/\/www.estudiodelier.es\/blog\/wp-content\/uploads\/2023\/11\/cabeceros-librerias.jpg 564w, https:\/\/www.estudiodelier.es\/blog\/wp-content\/uploads\/2023\/11\/cabeceros-librerias-300x300.jpg 300w, https:\/\/www.estudiodelier.es\/blog\/wp-content\/uploads\/2023\/11\/cabeceros-librerias-150x150.jpg 150w, https:\/\/www.estudiodelier.es\/blog\/wp-content\/uploads\/2023\/11\/cabeceros-librerias-100x100.jpg 100w\" sizes=\"(max-width: 564px) 100vw, 564px\" \/><\/figure>\n\n\n\n<p>Si te gusta la lectura, un cabecero de librer\u00eda te permitir\u00e1 tener tus libros favoritos al alcance de la mano. Combina almacenamiento con estilo en un dise\u00f1o pr\u00e1ctico y original.<\/p>\n\n\n\n<h2 class=\"wp-block-heading\"><strong>9. Cabeceros con <\/strong><a href=\"https:\/\/www.estudiodelier.es\/tienda\/categorias\/cuadros-por-estilos\/cuadros-coloniales-y-mandalas.html\" title=\"mandalas\">mandalas<\/a><\/h2>\n\n\n\n<figure class=\"wp-block-image size-full\"><img decoding=\"async\" loading=\"lazy\" width=\"750\" height=\"726\" src=\"https:\/\/www.estudiodelier.es\/blog\/wp-content\/uploads\/2023\/11\/tienda-de-cabeceros-originales.jpg\" alt=\"cabeceros mandalas\" class=\"wp-image-1450\" srcset=\"https:\/\/www.estudiodelier.es\/blog\/wp-content\/uploads\/2023\/11\/tienda-de-cabeceros-originales.jpg 750w, https:\/\/www.estudiodelier.es\/blog\/wp-content\/uploads\/2023\/11\/tienda-de-cabeceros-originales-300x290.jpg 300w\" sizes=\"(max-width: 706px) 89vw, (max-width: 767px) 82vw, 740px\" \/><\/figure>\n\n\n\n<p>Si eres creativo, te gustan las energ\u00edas, adoras la cultura oriental, un cabecero con mandalas es ideal, para crear un espacio limpio y canalizado de energ\u00edas, adem\u00e1s por sus formas son muy visuales y estimulan la creatividad, la armon\u00eda y hacen las delicias de todas las miradas. puedes ver una selecci\u00f3n de cabeceros mandalas en estudiodelier.es <\/p>\n\n\n\n<h2 class=\"wp-block-heading\"><strong>10. Cabeceros de Cuero Sint\u00e9tico en Capiton\u00e9<\/strong><\/h2>\n\n\n\n<figure class=\"wp-block-image size-large\"><img decoding=\"async\" loading=\"lazy\" width=\"1024\" height=\"788\" src=\"https:\/\/www.estudiodelier.es\/blog\/wp-content\/uploads\/2023\/11\/cuadros-mandalas-habitacion-1024x788.jpg\" alt=\"cabeceros de cuero con capitone\" class=\"wp-image-1447\" srcset=\"https:\/\/www.estudiodelier.es\/blog\/wp-content\/uploads\/2023\/11\/cuadros-mandalas-habitacion-1024x788.jpg 1024w, https:\/\/www.estudiodelier.es\/blog\/wp-content\/uploads\/2023\/11\/cuadros-mandalas-habitacion-300x231.jpg 300w, https:\/\/www.estudiodelier.es\/blog\/wp-content\/uploads\/2023\/11\/cuadros-mandalas-habitacion-768x591.jpg 768w, https:\/\/www.estudiodelier.es\/blog\/wp-content\/uploads\/2023\/11\/cuadros-mandalas-habitacion.jpg 1392w\" sizes=\"(max-width: 767px) 89vw, (max-width: 1000px) 54vw, (max-width: 1071px) 543px, 580px\" \/><\/figure>\n\n\n\n<p><a href=\"https:\/\/www.estudiodelier.es\/tienda\/productos\/cuadros-triptico-plata.html\" target=\"_blank\" rel=\"noopener\" title=\"si te gustan los cuadros son originales de estudiodelier.es\">si te gustan los cuadros son originales de estudiodelier.es<\/a><\/p>\n\n\n\n<p>El cuero sint\u00e9tico capiton\u00e9 es una opci\u00f3n lujosa para darle a tu dormitorio un aspecto c\u00f3modo. Los botones en relieve a\u00f1aden textura y estilo a tu cabecero.<\/p>\n\n\n\n<p>Recuerda que al decorar tu dormitorio con cabeceros, es esencial que elijas un dise\u00f1o que refleje tu personalidad y se ajuste sobre todo a tus necesidades.<\/p>\n\n\n\n<figure class=\"wp-block-image size-full\"><img decoding=\"async\" loading=\"lazy\" width=\"752\" height=\"800\" src=\"https:\/\/www.estudiodelier.es\/blog\/wp-content\/uploads\/2023\/11\/tiendas-de-cabeceros-bonitos.jpg\" alt=\"cabeceros \u00e1rabes \" class=\"wp-image-1451\" srcset=\"https:\/\/www.estudiodelier.es\/blog\/wp-content\/uploads\/2023\/11\/tiendas-de-cabeceros-bonitos.jpg 752w, https:\/\/www.estudiodelier.es\/blog\/wp-content\/uploads\/2023\/11\/tiendas-de-cabeceros-bonitos-282x300.jpg 282w\" sizes=\"(max-width: 706px) 89vw, (max-width: 767px) 82vw, 740px\" \/><\/figure>\n\n\n\n<p>original cabecero, de estudiodelier.es mira <a href=\"https:\/\/www.estudiodelier.es\/tienda\/categorias\/muebles.html\" title=\"\">mas ideas de cabeceros en tienda de cabeceros<\/a><\/p>\n","protected":false},"excerpt":{"rendered":"<p>10 Ideas Originales para Decorar tu Dormitorio con Cabeceros El dormitorio es un lugar especial en nuestra casa, un refugio donde nos relajamos y descansamos. Cuando se trata de decorar este espacio, cada detalle cuenta, y los cabeceros son elementos clave que pueden transformar completamente la apariencia de tu dormitorio. En este art\u00edculo, exploraremos 10 &hellip; <\/p>\n<p class=\"link-more\"><a href=\"https:\/\/www.estudiodelier.es\/blog\/10-ideas-originales-para-decorar-tu-dormitorio-con-cabeceros\/\" class=\"more-link\">Continuar leyendo<span class=\"screen-reader-text\"> \u00ab10 Ideas Originales para Decorar tu Dormitorio con Cabeceros\u00bb<\/span><\/a><\/p>\n","protected":false},"author":2,"featured_media":1228,"comment_status":"closed","ping_status":"closed","sticky":false,"template":"","format":"standard","meta":{"om_disable_all_campaigns":false},"categories":[3,25],"tags":[156,189,188],"aioseo_notices":[],"_links":{"self":[{"href":"https:\/\/www.estudiodelier.es\/blog\/wp-json\/wp\/v2\/posts\/1432"}],"collection":[{"href":"https:\/\/www.estudiodelier.es\/blog\/wp-json\/wp\/v2\/posts"}],"about":[{"href":"https:\/\/www.estudiodelier.es\/blog\/wp-json\/wp\/v2\/types\/post"}],"author":[{"embeddable":true,"href":"https:\/\/www.estudiodelier.es\/blog\/wp-json\/wp\/v2\/users\/2"}],"replies":[{"embeddable":true,"href":"https:\/\/www.estudiodelier.es\/blog\/wp-json\/wp\/v2\/comments?post=1432"}],"version-history":[{"count":10,"href":"https:\/\/www.estudiodelier.es\/blog\/wp-json\/wp\/v2\/posts\/1432\/revisions"}],"predecessor-version":[{"id":1452,"href":"https:\/\/www.estudiodelier.es\/blog\/wp-json\/wp\/v2\/posts\/1432\/revisions\/1452"}],"wp:featuredmedia":[{"embeddable":true,"href":"https:\/\/www.estudiodelier.es\/blog\/wp-json\/wp\/v2\/media\/1228"}],"wp:attachment":[{"href":"https:\/\/www.estudiodelier.es\/blog\/wp-json\/wp\/v2\/media?parent=1432"}],"wp:term":[{"taxonomy":"category","embeddable":true,"href":"https:\/\/www.estudiodelier.es\/blog\/wp-json\/wp\/v2\/categories?post=1432"},{"taxonomy":"post_tag","embeddable":true,"href":"https:\/\/www.estudiodelier.es\/blog\/wp-json\/wp\/v2\/tags?post=1432"}],"curies":[{"name":"wp","href":"https:\/\/api.w.org\/{rel}","templated":true}]}}