{"id":1519,"date":"2026-03-01T11:34:49","date_gmt":"2026-03-01T11:34:49","guid":{"rendered":"https:\/\/www.estudiodelier.es\/blog\/?p=1519"},"modified":"2026-03-14T10:27:35","modified_gmt":"2026-03-14T10:27:35","slug":"el-poder-del-olor-ambientadores-espray-de-estudio-delier-parfums-y-el-secreto-del-bienestar-zen","status":"publish","type":"post","link":"https:\/\/www.estudiodelier.es\/blog\/el-poder-del-olor-ambientadores-espray-de-estudio-delier-parfums-y-el-secreto-del-bienestar-zen\/","title":{"rendered":"El Poder del Olor: Ambientadores Espray de Estudio Delier Parfums y el Secreto del Bienestar Zen"},"content":{"rendered":"\r\n<p><img decoding=\"async\" loading=\"lazy\" class=\"size-full wp-image-1522 alignright\" style=\"font-size: 1rem;\" src=\"https:\/\/www.estudiodelier.es\/blog\/wp-content\/uploads\/2025\/11\/ambientadores-artcromo.jpg\" alt=\"aromas naturales ambientadores\" width=\"650\" height=\"148\" srcset=\"https:\/\/www.estudiodelier.es\/blog\/wp-content\/uploads\/2025\/11\/ambientadores-artcromo.jpg 650w, https:\/\/www.estudiodelier.es\/blog\/wp-content\/uploads\/2025\/11\/ambientadores-artcromo-300x68.jpg 300w\" sizes=\"(max-width: 650px) 100vw, 650px\" \/><\/p>\r\n\r\n\r\n\r\n\r\n\r\n<p>&nbsp;<\/p>\r\n<p>&nbsp;<\/p>\r\n<h2><span style=\"color: #800080;\"><strong>Ambientador Espray de Estudio Delier Parfums<\/strong><\/span><\/h2>\r\n<p>En la b\u00fasqueda constante de crear un <strong>hogar<\/strong><strong style=\"font-size: 1rem;\">\u00a0que inspire paz y equilibrio<\/strong><span style=\"font-size: 1rem;\">, el aroma juega un papel fundamental. Dejar de lado los ambientadores gen\u00e9ricos con qu\u00edmicos y dar paso a la <\/span><strong style=\"font-size: 1rem;\">aromaterapia Zen<\/strong><span style=\"font-size: 1rem;\"> es la clave para transformar un espacio. Si buscas una soluci\u00f3n inmediata, intensa<\/span><span style=\"font-size: 1rem;\">\u00a0y duradera, los <\/span><strong style=\"font-size: 1rem;\">ambientadores espray de Delier Parfums<\/strong><span style=\"font-size: 1rem;\"> son la respuesta.<\/span><\/p>\r\n<p><img decoding=\"async\" loading=\"lazy\" class=\"size-full wp-image-1521 aligncenter\" src=\"https:\/\/www.estudiodelier.es\/blog\/wp-content\/uploads\/2025\/11\/ambientadores-hogar.jpg\" alt=\"Ambientadores Espray de Delier Parfums\" width=\"650\" height=\"342\" srcset=\"https:\/\/www.estudiodelier.es\/blog\/wp-content\/uploads\/2025\/11\/ambientadores-hogar.jpg 650w, https:\/\/www.estudiodelier.es\/blog\/wp-content\/uploads\/2025\/11\/ambientadores-hogar-300x158.jpg 300w\" sizes=\"(max-width: 650px) 100vw, 650px\" \/><\/p>\r\n\r\n\r\n\r\n<p data-path-to-node=\"8\">Hay aromas que se quedan grabados en la memoria&#8230;\u00a0<\/p>\r\n<p data-path-to-node=\"9\">En <b data-path-to-node=\"9\" data-index-in-node=\"3\">Estudio Delier<\/b> llevamos m\u00e1s de 15 a\u00f1os perfumando vuestros momentos m\u00e1s especiales. Nuestra colecci\u00f3n de <b data-path-to-node=\"9\" data-index-in-node=\"108\">Aromaterapia Zen<\/b> no es nueva, es una tradici\u00f3n artesana que muchos ya consider\u00e1is parte de vuestro hogar.\u00a0<\/p>\r\n<p data-path-to-node=\"10\">Desde el frescor de <b data-path-to-node=\"10\" data-index-in-node=\"20\">Ox\u00edgeno<\/b>, la energ\u00eda de <b data-path-to-node=\"10\" data-index-in-node=\"43\">Vida<\/b> o la conexi\u00f3n natural de <b data-path-to-node=\"10\" data-index-in-node=\"73\">Bosque<\/b>&#8230; fragancias que creamos en nuestro estudio con la misma pasi\u00f3n que el primer d\u00eda.<\/p>\r\n<p><img decoding=\"async\" loading=\"lazy\" class=\"alignnone  wp-image-1553\" src=\"https:\/\/www.estudiodelier.es\/blog\/wp-content\/uploads\/2025\/11\/ambientadores-delier-1024x593.jpg\" alt=\"ambientadores estudi odelier\" width=\"582\" height=\"337\" srcset=\"https:\/\/www.estudiodelier.es\/blog\/wp-content\/uploads\/2025\/11\/ambientadores-delier-1024x593.jpg 1024w, https:\/\/www.estudiodelier.es\/blog\/wp-content\/uploads\/2025\/11\/ambientadores-delier-300x174.jpg 300w, https:\/\/www.estudiodelier.es\/blog\/wp-content\/uploads\/2025\/11\/ambientadores-delier-768x444.jpg 768w, https:\/\/www.estudiodelier.es\/blog\/wp-content\/uploads\/2025\/11\/ambientadores-delier.jpg 1130w\" sizes=\"(max-width: 582px) 100vw, 582px\" \/><\/p>\r\n\r\n\r\n<hr class=\"wp-block-separator has-alpha-channel-opacity\" \/>\r\n\r\n\r\n<h3 class=\"wp-block-heading\">1. \u00bfPor Qu\u00e9 Elegir un Ambientador Espray de Alta Concentraci\u00f3n?<\/h3>\r\n\r\n\r\n\r\n<p>A diferencia de los mikados o las velas, el <strong>ambientador espray<\/strong> ofrece un <strong>impacto olfativo inmediato<\/strong>. La l\u00ednea de <strong>Delier Parfums<\/strong> va un paso m\u00e1s all\u00e1 al utilizar una alta concentraci\u00f3n de esencias naturales que garantizan una <strong>larga duraci\u00f3n<\/strong> y una <strong>evaporaci\u00f3n lenta<\/strong>.<\/p>\r\n<figure id=\"attachment_1525\" aria-describedby=\"caption-attachment-1525\" style=\"width: 421px\" class=\"wp-caption aligncenter\"><img decoding=\"async\" loading=\"lazy\" class=\" wp-image-1525\" src=\"https:\/\/www.estudiodelier.es\/blog\/wp-content\/uploads\/2025\/11\/1012825-712x1024.jpg\" alt=\"ambientador el bosque delier\" width=\"421\" height=\"605\" srcset=\"https:\/\/www.estudiodelier.es\/blog\/wp-content\/uploads\/2025\/11\/1012825-712x1024.jpg 712w, https:\/\/www.estudiodelier.es\/blog\/wp-content\/uploads\/2025\/11\/1012825-208x300.jpg 208w, https:\/\/www.estudiodelier.es\/blog\/wp-content\/uploads\/2025\/11\/1012825-768x1105.jpg 768w, https:\/\/www.estudiodelier.es\/blog\/wp-content\/uploads\/2025\/11\/1012825-1067x1536.jpg 1067w, https:\/\/www.estudiodelier.es\/blog\/wp-content\/uploads\/2025\/11\/1012825-1423x2048.jpg 1423w, https:\/\/www.estudiodelier.es\/blog\/wp-content\/uploads\/2025\/11\/1012825-scaled.jpg 1779w\" sizes=\"(max-width: 421px) 100vw, 421px\" \/><figcaption id=\"caption-attachment-1525\" class=\"wp-caption-text\">aromas el bosque, vida , delier<\/figcaption><\/figure>\r\n\r\n\r\n\r\n<p style=\"text-align: center;\"><strong>Ventajas Clave del Espray Delier Parfums:<\/strong><\/p>\r\n\r\n\r\n\r\n<ul>\r\n<li><strong>Efecto Inmediato:<\/strong> Con solo una o dos pulverizaciones, el aroma inunda instant\u00e1neamente la estancia, ideal para recibir visitas o para un cambio de energ\u00eda r\u00e1pido.<\/li>\r\n\r\n\r\n\r\n<li><strong>Aromaterapia Pura:<\/strong> Al estar hechos con esencias naturales extra\u00eddas de plantas, los aromas act\u00faan directamente sobre el sistema l\u00edmbico, influyendo en nuestro estado de \u00e1nimo (el verdadero principio del <strong>Aromaterapia Zen<\/strong>).<\/li>\r\n\r\n\r\n\r\n<li><strong>Versatilidad de Uso:<\/strong> Perfectos para ambientar el aire, pero tambi\u00e9n ideales para aplicar en textiles (cortinas, toallas, ropa de cama) para conciliar un sue\u00f1o reparador<strong>, recomendados como el olor corporativo de una tienda, empresa<\/strong>.<\/li>\r\n<\/ul>\r\n\r\n\r\n\r\n<h3 class=\"wp-block-heading\">2. La Colecci\u00f3n Sentidos: Un Aroma para Cada Emoci\u00f3n\u00a0<\/h3>\r\n\r\n\r\n\r\n<p>Los <strong>ambientadores espray de Delier Parfums<\/strong> est\u00e1n dise\u00f1ados para influir psicol\u00f3gicamente en nuestro estado de \u00e1nimo, armonizando el cuerpo y la mente. Conoce las esencias m\u00e1s populares de la l\u00ednea \u00abDelier Perfum\u00bb y su poder terap\u00e9utico:<\/p>\r\n\r\n\r\n\r\n\r\n\r\n\r\n\r\n<h3 class=\"wp-block-heading\">3. M\u00e1s All\u00e1 del Hogar: Uso Profesional y Ecol\u00f3gico<\/h3>\r\n\r\n\r\n\r\n<p>Los <strong>ambientadores espray de Delier Parfums<\/strong> no solo son perfectos para el hogar. Su alta calidad artesana y su concentraci\u00f3n natural los hacen ideales para:<\/p>\r\n\r\n\r\n\r\n<p>Al elegir estos productos, est\u00e1s optando por una colecci\u00f3n de gran calidad <strong>fabricada en Espa\u00f1a<\/strong> con <strong>materias primas naturales<\/strong>, que honra el concepto de <strong>Aromaterapia Zen<\/strong> sin incluir qu\u00edmicos agresivos.<\/p>\r\n\r\n\r\n\r\n\r\n\r\n<p>Si deseas un ambiente que te envuelva en calma, energ\u00eda o armon\u00eda, la elecci\u00f3n es clara. El <strong>ambientador espray de Delier Parfums<\/strong> te ofrece el poder de transformar tu espacio al instante.<\/p>\r\n\r\n\r\n\r\n<p>Invierte en el bienestar de tu hogar. \u00a1Haz que tu casa hable con el lenguaje del alma!<\/p>\r\n\r\n\r\n\r\n<blockquote class=\"wp-block-quote\">\r\n<p><strong>\u00a1Descubre ahora la colecci\u00f3n completa de ambientadores espray de Delier Parfums y lleva la verdadera Aromaterapia Zen a tu hogar!\u00a0 <span style=\"color: #800080;\"><a style=\"color: #800080;\" title=\"C\u00f3mo elegir el aroma perfecto para cada habitaci\u00f3n\" href=\"https:\/\/www.estudiodelier.es\/tienda\/categorias\/aromaterapia-zen\/ambientador-espray.html\">Ver toda la colecci\u00f3n en tienda Delier<\/a><\/span><\/strong><\/p>\r\n<\/blockquote>\r\n\r\n\r\n\r\n<p><img decoding=\"async\" loading=\"lazy\" class=\"alignnone size-large wp-image-1528 aligncenter\" src=\"https:\/\/www.estudiodelier.es\/blog\/wp-content\/uploads\/2025\/11\/tienda-ambientadores-para-el-hogar-1024x869.jpg\" alt=\"delier perfum\" width=\"525\" height=\"446\" srcset=\"https:\/\/www.estudiodelier.es\/blog\/wp-content\/uploads\/2025\/11\/tienda-ambientadores-para-el-hogar-1024x869.jpg 1024w, https:\/\/www.estudiodelier.es\/blog\/wp-content\/uploads\/2025\/11\/tienda-ambientadores-para-el-hogar-300x255.jpg 300w, https:\/\/www.estudiodelier.es\/blog\/wp-content\/uploads\/2025\/11\/tienda-ambientadores-para-el-hogar-768x652.jpg 768w, https:\/\/www.estudiodelier.es\/blog\/wp-content\/uploads\/2025\/11\/tienda-ambientadores-para-el-hogar-1536x1303.jpg 1536w, https:\/\/www.estudiodelier.es\/blog\/wp-content\/uploads\/2025\/11\/tienda-ambientadores-para-el-hogar-2048x1738.jpg 2048w\" sizes=\"(max-width: 525px) 100vw, 525px\" \/><\/p>\r\n<table style=\"height: 732px;\" width=\"590\">\r\n<thead>\r\n<tr>\r\n<td><strong>Nombre del Ambientador<\/strong><\/td>\r\n<td><strong>Descripci\u00f3n\u00a0<\/strong><\/td>\r\n<\/tr>\r\n<\/thead>\r\n<tbody>\r\n<tr>\r\n<td><b>#Delier<\/b><\/td>\r\n<td>Una fragancia <b>suave, sutil y maravillosamente equilibrada<\/b>. Es la mezcla perfecta de varios aromas florales y dulces que envuelven el espacio con la ternura y la calidez de un abrazo. Ideal para crear un ambiente de profunda conexi\u00f3n y calma.<\/td>\r\n<\/tr>\r\n<tr>\r\n<td><b>#Oxigeno<\/b><\/td>\r\n<td>Nuestro vigorizante <b>c\u00edtrico Zen<\/b>. Una mezcla brillante de <b>hierba luisa, Bergamota<\/b> que despierta los sentidos. Esta fragancia es una inyecci\u00f3n de frescura y claridad mental, perfecta para empezar el d\u00eda con equilibrio y positivismo.<\/td>\r\n<\/tr>\r\n<tr>\r\n<td><b>#Alhambra<\/b><\/td>\r\n<td>Un c\u00f3ctel vibrante de <b>primavera, rosa, azahar y palisandro<\/b>. Este aroma potente y especiado est\u00e1 dise\u00f1ado para revitalizar el ambiente, disipando la pereza y llenando el espacio de vitalidad y concentraci\u00f3n.<\/td>\r\n<\/tr>\r\n<tr>\r\n<td><b>#Vida<\/b><\/td>\r\n<td>El aroma para los amantes del dulce, pero sin empalagar. Una explosi\u00f3n jugosa de <b>frutos rojos y coco<\/b> que evoca alegr\u00eda y optimismo. Es la esencia de un recuerdo placentero, ideal para levantar el \u00e1nimo de cualquier estancia.<\/td>\r\n<\/tr>\r\n<tr>\r\n<td>\u00a0<\/td>\r\n<td>\u00a0<\/td>\r\n<\/tr>\r\n<tr>\r\n<td><b>#Amazonas<\/b><\/td>\r\n<td>Un aroma <b>floral y elegante<\/b> que combina la sofisticaci\u00f3n del\u00a0<b> tr\u00e9bol <\/b>\u00a0con la dulzura embriagadora de flores. Esta fragancia es maravillosa para crear un oasis de calma, ideal para momentos de lectura, meditaci\u00f3n o descanso.<\/td>\r\n<\/tr>\r\n<\/tbody>\r\n<\/table>\r\n<h4>II. L\u00ednea Bot\u00e1nica y Tem\u00e1tica<\/h4>\r\n<p>&nbsp;<\/p>\r\n<table>\r\n<thead>\r\n<tr>\r\n<td><strong>Nombre del Ambientador<\/strong><\/td>\r\n<td><strong>Descripci\u00f3n\u00a0<\/strong><\/td>\r\n<\/tr>\r\n<\/thead>\r\n<tbody>\r\n<tr>\r\n<td><b>Ambientador Bosque (Frutos Rojos)<\/b><\/td>\r\n<td>El aroma ic\u00f3nico y m\u00e1s vendido de la colecci\u00f3n. Recrea la profundidad y misterio de un <b>bosque<\/b> con la dulzura inconfundible de los <b>frutos rojos<\/b>. Es una fragancia potente, envolvente y altamente adictiva.<\/td>\r\n<\/tr>\r\n<tr>\r\n<td><b>Ambientador Recuerdos (Canela y Naranja)<\/b><\/td>\r\n<td>La esencia de la nostalgia y el hogar. Un d\u00fao c\u00e1lido y reconfortante de <b>canela<\/b> y <b>naranja<\/b> que evoca celebraciones y momentos de felicidad compartida. Ideal para cocinas y salones.<\/td>\r\n<\/tr>\r\n<tr>\r\n<td><b>Ambientador Tropical (Coco)<\/b><\/td>\r\n<td>Un pasaporte olfativo directo al para\u00edso. El aroma dulce y ex\u00f3tico del <b>coco<\/b> transporta instant\u00e1neamente a playas soleadas y climas c\u00e1lidos, aportando un toque de despreocupaci\u00f3n y alegr\u00eda.<\/td>\r\n<\/tr>\r\n<tr>\r\n<td><b>Ambientador T\u00e9 Verde<\/b><\/td>\r\n<td>Una fragancia minimalista, limpia y sumamente fresca. Perfecto para quienes buscan un aroma sutil y purificante que aporte una sensaci\u00f3n de limpieza profunda y un bienestar tranquilo.<\/td>\r\n<\/tr>\r\n<tr>\r\n<td><b>Ambientador Chuches<\/b><\/td>\r\n<td>Un aroma divertido y nost\u00e1lgico que captura la esencia de una <b>tienda de golosinas<\/b>. Un perfume dulce y alegre, ideal para habitaciones juveniles o espacios que buscan un toque de fantas\u00eda.<\/td>\r\n<\/tr>\r\n<tr>\r\n<td><b>Ambientador Rosa de Luna<\/b><\/td>\r\n<td>Un exquisito perfume floral que combina la nobleza de las <b>rosas nocturnas<\/b> con delicadas gotas de <b>madro\u00f1o<\/b>. Una esencia de alta perfumer\u00eda, profunda y muy elegante.<\/td>\r\n<\/tr>\r\n<\/tbody>\r\n<\/table>\r\n<p><\/p>\r\n<p><strong>\u00a1Descubre ahora la colecci\u00f3n completa de ambientadores espray de Delier Parfums y lleva la verdadera Aromaterapia Zen a tu hogar!<\/strong><\/p>\r\n<p><strong>\u00a0 <span style=\"color: #800080;\"><a style=\"color: #800080;\" href=\"https:\/\/www.estudiodelier.es\/tienda\/categorias\/aromaterapia-zen\/ambientador-espray.html\">Ver toda la colecci\u00f3n en tienda Delier<\/a><\/span><\/strong><\/p>\r\n<p>tambi\u00e9n te puede interesar\u00a0<a href=\"https:\/\/www.artcromo.com\/aromaterapia-zen-numero-uno-en-ventas\/\">Aromaterapia Zen n\u00ba1 en ventas<\/a><\/p>","protected":false},"excerpt":{"rendered":"<p>&nbsp; &nbsp; Ambientador Espray de Estudio Delier Parfums En la b\u00fasqueda constante de crear un hogar\u00a0que inspire paz y equilibrio, el aroma juega un papel fundamental. Dejar de lado los ambientadores gen\u00e9ricos con qu\u00edmicos y dar paso a la aromaterapia Zen es la clave para transformar un espacio. Si buscas una soluci\u00f3n inmediata, intensa\u00a0y duradera, &hellip; <\/p>\n<p class=\"link-more\"><a href=\"https:\/\/www.estudiodelier.es\/blog\/el-poder-del-olor-ambientadores-espray-de-estudio-delier-parfums-y-el-secreto-del-bienestar-zen\/\" class=\"more-link\">Continuar leyendo<span class=\"screen-reader-text\"> \u00abEl Poder del Olor: Ambientadores Espray de Estudio Delier Parfums y el Secreto del Bienestar Zen\u00bb<\/span><\/a><\/p>\n","protected":false},"author":2,"featured_media":1525,"comment_status":"closed","ping_status":"closed","sticky":false,"template":"","format":"standard","meta":{"om_disable_all_campaigns":false},"categories":[2,1,11,4],"tags":[195,198,201,202,197,196,199,200],"aioseo_notices":[],"_links":{"self":[{"href":"https:\/\/www.estudiodelier.es\/blog\/wp-json\/wp\/v2\/posts\/1519"}],"collection":[{"href":"https:\/\/www.estudiodelier.es\/blog\/wp-json\/wp\/v2\/posts"}],"about":[{"href":"https:\/\/www.estudiodelier.es\/blog\/wp-json\/wp\/v2\/types\/post"}],"author":[{"embeddable":true,"href":"https:\/\/www.estudiodelier.es\/blog\/wp-json\/wp\/v2\/users\/2"}],"replies":[{"embeddable":true,"href":"https:\/\/www.estudiodelier.es\/blog\/wp-json\/wp\/v2\/comments?post=1519"}],"version-history":[{"count":11,"href":"https:\/\/www.estudiodelier.es\/blog\/wp-json\/wp\/v2\/posts\/1519\/revisions"}],"predecessor-version":[{"id":1555,"href":"https:\/\/www.estudiodelier.es\/blog\/wp-json\/wp\/v2\/posts\/1519\/revisions\/1555"}],"wp:featuredmedia":[{"embeddable":true,"href":"https:\/\/www.estudiodelier.es\/blog\/wp-json\/wp\/v2\/media\/1525"}],"wp:attachment":[{"href":"https:\/\/www.estudiodelier.es\/blog\/wp-json\/wp\/v2\/media?parent=1519"}],"wp:term":[{"taxonomy":"category","embeddable":true,"href":"https:\/\/www.estudiodelier.es\/blog\/wp-json\/wp\/v2\/categories?post=1519"},{"taxonomy":"post_tag","embeddable":true,"href":"https:\/\/www.estudiodelier.es\/blog\/wp-json\/wp\/v2\/tags?post=1519"}],"curies":[{"name":"wp","href":"https:\/\/api.w.org\/{rel}","templated":true}]}}