{"id":260,"date":"2021-03-30T19:22:00","date_gmt":"2021-03-30T19:22:00","guid":{"rendered":"https:\/\/www.estudiodelier.es\/blog\/?p=260"},"modified":"2021-03-30T11:10:55","modified_gmt":"2021-03-30T11:10:55","slug":"cuadros-modernos-salon","status":"publish","type":"post","link":"https:\/\/www.estudiodelier.es\/blog\/cuadros-modernos-salon\/","title":{"rendered":"Cuadros modernos para sal\u00f3n"},"content":{"rendered":"\n<p>Si te apasiona la decoraci\u00f3n y est\u00e1s buscando cuadros modernos para el sal\u00f3n, comedor, entrada, mira estas ideas.<\/p>\n\n\n\n<h2 class=\"wp-block-heading\">Ideas para <a href=\"https:\/\/www.estudiodelier.es\/tienda\/categorias\/cuadros-por-estilos\/cuadros-modernos.html\">Decorar con cuadros modernos<\/a> para el sal\u00f3n<\/h2>\n\n\n\n<figure class=\"wp-block-image size-large\"><img decoding=\"async\" loading=\"lazy\" width=\"791\" height=\"800\" src=\"https:\/\/www.estudiodelier.es\/blog\/wp-content\/uploads\/2021\/03\/cuadros-sofas-modernoss.jpg\" alt=\"cuadros modernos para salon\" class=\"wp-image-1273\" srcset=\"https:\/\/www.estudiodelier.es\/blog\/wp-content\/uploads\/2021\/03\/cuadros-sofas-modernoss.jpg 791w, https:\/\/www.estudiodelier.es\/blog\/wp-content\/uploads\/2021\/03\/cuadros-sofas-modernoss-297x300.jpg 297w, https:\/\/www.estudiodelier.es\/blog\/wp-content\/uploads\/2021\/03\/cuadros-sofas-modernoss-768x777.jpg 768w, https:\/\/www.estudiodelier.es\/blog\/wp-content\/uploads\/2021\/03\/cuadros-sofas-modernoss-100x100.jpg 100w\" sizes=\"(max-width: 767px) 89vw, (max-width: 1000px) 54vw, (max-width: 1071px) 543px, 580px\" \/><figcaption>cuadros originales estudio delier<\/figcaption><\/figure>\n\n\n\n<p> Mira estas ideas de Cuadros modernos para sal\u00f3n comedor es una de las piezas que mas tenemos que pensar, es un elemento clave que ensalzara el sal\u00f3n y el espacio<\/p>\n\n\n\n<div class=\"wp-block-image\"><figure class=\"aligncenter is-resized\"><img decoding=\"async\" loading=\"lazy\" src=\"https:\/\/www.estudiodelier.es\/blog\/wp-content\/uploads\/2019\/02\/cuadros-africanos-etnicos.jpg\" alt=\"cuadros modernos salon\" class=\"wp-image-262\" width=\"477\" height=\"563\" srcset=\"https:\/\/www.estudiodelier.es\/blog\/wp-content\/uploads\/2019\/02\/cuadros-africanos-etnicos.jpg 636w, https:\/\/www.estudiodelier.es\/blog\/wp-content\/uploads\/2019\/02\/cuadros-africanos-etnicos-254x300.jpg 254w\" sizes=\"(max-width: 477px) 100vw, 477px\" \/><\/figure><\/div>\n\n\n\n<figure class=\"wp-block-image\"><img decoding=\"async\" loading=\"lazy\" width=\"849\" height=\"800\" src=\"https:\/\/www.estudiodelier.es\/blog\/wp-content\/uploads\/2019\/02\/tienda-cuadros-modernos-zen.jpg\" alt=\"cuadros originales modernos\" class=\"wp-image-277\" srcset=\"https:\/\/www.estudiodelier.es\/blog\/wp-content\/uploads\/2019\/02\/tienda-cuadros-modernos-zen.jpg 849w, https:\/\/www.estudiodelier.es\/blog\/wp-content\/uploads\/2019\/02\/tienda-cuadros-modernos-zen-300x283.jpg 300w, https:\/\/www.estudiodelier.es\/blog\/wp-content\/uploads\/2019\/02\/tienda-cuadros-modernos-zen-768x724.jpg 768w\" sizes=\"(max-width: 767px) 89vw, (max-width: 1000px) 54vw, (max-width: 1071px) 543px, 580px\" \/><figcaption>cuadros modernos delier<\/figcaption><\/figure>\n\n\n\n<h2 class=\"wp-block-heading\">Ideas y algunas pinceladas para decorar con cuadros.<\/h2>\n\n\n\n<p>Cuadro hablamos de <strong>cuadros modernos<\/strong> los estilos y formas son muchos, por un lado tenemos los cuadros art\u00edsticos de autor,  y por otro los cuadros comerciales que se venden en grandes superficies, laminas, oleos un sinf\u00edn de posibilidades.<\/p>\n\n\n\n<figure class=\"wp-block-gallery columns-2 is-cropped wp-block-gallery-1 is-layout-flex\"><ul class=\"blocks-gallery-grid\"><li class=\"blocks-gallery-item\"><figure><img decoding=\"async\" loading=\"lazy\" width=\"615\" height=\"800\" src=\"https:\/\/www.estudiodelier.es\/blog\/wp-content\/uploads\/2019\/03\/cuadros-boho-rusticos.jpg\" alt=\"cuadros salones modernos\" data-id=\"298\" data-link=\"https:\/\/www.estudiodelier.es\/blog\/cuadros-modernos-salon\/cuadros-boho-rusticos\/\" class=\"wp-image-298\" srcset=\"https:\/\/www.estudiodelier.es\/blog\/wp-content\/uploads\/2019\/03\/cuadros-boho-rusticos.jpg 615w, https:\/\/www.estudiodelier.es\/blog\/wp-content\/uploads\/2019\/03\/cuadros-boho-rusticos-231x300.jpg 231w\" sizes=\"(max-width: 615px) 100vw, 615px\" \/><figcaption class=\"blocks-gallery-item__caption\">cuadros salon modernos<\/figcaption><\/figure><\/li><li class=\"blocks-gallery-item\"><figure><img decoding=\"async\" loading=\"lazy\" width=\"701\" height=\"800\" src=\"https:\/\/www.estudiodelier.es\/blog\/wp-content\/uploads\/2019\/03\/cuadroas-modernos-abstractos-plateados.jpg\" alt=\"\" data-id=\"292\" data-link=\"https:\/\/www.estudiodelier.es\/blog\/cuadros-talavera\/cuadroas-modernos-abstractos-plateados-2\/\" class=\"wp-image-292\" srcset=\"https:\/\/www.estudiodelier.es\/blog\/wp-content\/uploads\/2019\/03\/cuadroas-modernos-abstractos-plateados.jpg 701w, https:\/\/www.estudiodelier.es\/blog\/wp-content\/uploads\/2019\/03\/cuadroas-modernos-abstractos-plateados-263x300.jpg 263w\" sizes=\"(max-width: 701px) 100vw, 701px\" \/><\/figure><\/li><\/ul><\/figure>\n\n\n\n<p>Nosotros nos vamos a centrar en <strong>cuadros originales de autor<\/strong>, ya que creemos que es un valor a\u00f1adido a nuestra decoraci\u00f3n.<\/p>\n\n\n\n<p>En este post concretamente nos centraremos en <strong>cuadros modernos <\/strong><\/p>\n\n\n\n<div class=\"wp-block-image\"><figure class=\"alignleft is-resized\"><img decoding=\"async\" loading=\"lazy\" src=\"https:\/\/www.estudiodelier.es\/blog\/wp-content\/uploads\/2019\/02\/cuadros-modernos-cocinas-1.jpg\" alt=\"cuadros modernos para comedor\" class=\"wp-image-271\" width=\"415\" height=\"525\" srcset=\"https:\/\/www.estudiodelier.es\/blog\/wp-content\/uploads\/2019\/02\/cuadros-modernos-cocinas-1.jpg 553w, https:\/\/www.estudiodelier.es\/blog\/wp-content\/uploads\/2019\/02\/cuadros-modernos-cocinas-1-237x300.jpg 237w\" sizes=\"(max-width: 415px) 100vw, 415px\" \/><figcaption>cuadros modernos comedor<\/figcaption><\/figure><\/div>\n\n\n\n<p class=\"has-very-dark-gray-color has-very-light-gray-background-color has-text-color has-background\">Sea cual sea el estilo, los <strong>cuadros modernos<\/strong> pueden crear un espacio unico y magico, <\/p>\n\n\n\n<p>en esta foto el estilo r\u00fastico minimalista convive a la perfecci\u00f3n con estos 4 cuadros originales de estilo contempor\u00e1neo, <\/p>\n\n\n\n<p><\/p>\n\n\n\n<div class=\"wp-block-image\"><figure class=\"aligncenter is-resized\"><img decoding=\"async\" loading=\"lazy\" src=\"https:\/\/www.estudiodelier.es\/blog\/wp-content\/uploads\/2019\/02\/cuadros-modernos-de-cocacola.jpg\" alt=\"cuadros para el salon moderno sofa\" class=\"wp-image-273\" width=\"600\" height=\"557\" srcset=\"https:\/\/www.estudiodelier.es\/blog\/wp-content\/uploads\/2019\/02\/cuadros-modernos-de-cocacola.jpg 800w, https:\/\/www.estudiodelier.es\/blog\/wp-content\/uploads\/2019\/02\/cuadros-modernos-de-cocacola-300x279.jpg 300w, https:\/\/www.estudiodelier.es\/blog\/wp-content\/uploads\/2019\/02\/cuadros-modernos-de-cocacola-768x713.jpg 768w\" sizes=\"(max-width: 600px) 100vw, 600px\" \/><figcaption>si te gusta puedes verlo en tienda<\/figcaption><\/figure><\/div>\n\n\n\n<h3 class=\"wp-block-heading\"> Decorar con&nbsp;<strong><a href=\"https:\/\/www.estudiodelier.es\/tienda\/categorias\/cuadros-por-estilos\/cuadros-modernos.html\">cuadros modernos&nbsp;<\/a><\/strong><\/h3>\n\n\n\n<p>Los cuadros de estilo abstracto o contempor\u00e1neo  siempre una excelente decisi\u00f3n , es una tendencia actual.<\/p>\n\n\n\n<blockquote class=\"wp-block-quote is-style-default\"><p>El arte moderno te permite estar a la \u00faltima en decoraci\u00f3n y crear una gama de colores amplia en el espacio.<\/p><\/blockquote>\n\n\n\n<div class=\"wp-block-image\"><figure class=\"aligncenter\"><img decoding=\"async\" loading=\"lazy\" width=\"700\" height=\"700\" src=\"https:\/\/www.estudiodelier.es\/blog\/wp-content\/uploads\/2019\/02\/cuadros-pan-de-plata-3.jpg\" alt=\"cuadros modernos salon plateados\" class=\"wp-image-274\" srcset=\"https:\/\/www.estudiodelier.es\/blog\/wp-content\/uploads\/2019\/02\/cuadros-pan-de-plata-3.jpg 700w, https:\/\/www.estudiodelier.es\/blog\/wp-content\/uploads\/2019\/02\/cuadros-pan-de-plata-3-150x150.jpg 150w, https:\/\/www.estudiodelier.es\/blog\/wp-content\/uploads\/2019\/02\/cuadros-pan-de-plata-3-300x300.jpg 300w, https:\/\/www.estudiodelier.es\/blog\/wp-content\/uploads\/2019\/02\/cuadros-pan-de-plata-3-100x100.jpg 100w\" sizes=\"(max-width: 700px) 100vw, 700px\" \/><figcaption>cuadro plateado, para un salon moderno.<\/figcaption><\/figure><\/div>\n\n\n\n<p class=\"has-text-align-left has-very-dark-gray-color has-very-light-gray-background-color has-text-color has-background\">Los tonos dorados m\u00e1s actuales ahora que nunca, son el toque perfecto para estilos cl\u00e1sicos contempor\u00e1neos<\/p>\n\n\n\n<p>Aportan calidez y personalidad, este es un <strong>cuadro mandala de estilo moderno<\/strong> en relieve, encima del aparador del comedor encaja a la perfecci\u00f3n. <br><\/p>\n\n\n\n<div class=\"wp-block-image\"><figure class=\"aligncenter is-resized\"><img decoding=\"async\" loading=\"lazy\" src=\"https:\/\/www.estudiodelier.es\/blog\/wp-content\/uploads\/2019\/02\/cuadros-clasicos-dorados.jpg\" alt=\"mandalas modernos\" class=\"wp-image-272\" width=\"563\" height=\"597\" srcset=\"https:\/\/www.estudiodelier.es\/blog\/wp-content\/uploads\/2019\/02\/cuadros-clasicos-dorados.jpg 750w, https:\/\/www.estudiodelier.es\/blog\/wp-content\/uploads\/2019\/02\/cuadros-clasicos-dorados-283x300.jpg 283w\" sizes=\"(max-width: 563px) 100vw, 563px\" \/><figcaption> <br><em>cuadro original delier, <a href=\"https:\/\/www.estudiodelier.es\/tienda\/productos\/cuadro-mandala-diamante-oro-plata.html\" target=\"_blank\" rel=\"noreferrer noopener\" aria-label=\"mandala moderno en oro  (abre en una nueva pesta\u00f1a)\">mandala moderno en oro<\/a><\/em><a href=\"https:\/\/www.estudiodelier.es\/tienda\/productos\/cuadro-mandala-diamante-oro-plata.html\" target=\"_blank\" rel=\"noreferrer noopener\" aria-label=\"mandala moderno en oro  (abre en una nueva pesta\u00f1a)\"> <\/a><\/figcaption><\/figure><\/div>\n\n\n\n<p>Para ocupar m\u00e1s espacio en proporci\u00f3n y en horizontal y acompa\u00f1ar la longitud del sof\u00e1.<\/p>\n\n\n\n<p>Elige una obra art\u00edstica o cuadro que se componga por tres piezas, lo que llamamos <strong>cuadros tripticos,&nbsp;mira&nbsp;abajo&nbsp;el&nbsp;\u00e1rbol&nbsp;de&nbsp;la&nbsp;vida<\/strong>. Esto genera un look moderno y distintivo. <\/p>\n\n\n\n<div class=\"wp-block-image\"><figure class=\"aligncenter\"><img decoding=\"async\" loading=\"lazy\" width=\"800\" height=\"634\" src=\"https:\/\/www.estudiodelier.es\/blog\/wp-content\/uploads\/2019\/02\/cuadros-tripticos-modernos-2.jpg\" alt=\"cuadros tripticos para el sofa\" class=\"wp-image-276\" srcset=\"https:\/\/www.estudiodelier.es\/blog\/wp-content\/uploads\/2019\/02\/cuadros-tripticos-modernos-2.jpg 800w, https:\/\/www.estudiodelier.es\/blog\/wp-content\/uploads\/2019\/02\/cuadros-tripticos-modernos-2-300x238.jpg 300w, https:\/\/www.estudiodelier.es\/blog\/wp-content\/uploads\/2019\/02\/cuadros-tripticos-modernos-2-768x609.jpg 768w\" sizes=\"(max-width: 767px) 89vw, (max-width: 1000px) 54vw, (max-width: 1071px) 543px, 580px\" \/><figcaption>cuadro el \u00e1rbol de la vida, moderno y plateado, <a rel=\"noreferrer noopener\" aria-label=\"\u00bfque significa el \u00e1rbol de la vida? (abre en una nueva pesta\u00f1a)\" href=\"https:\/\/www.estudiodelier.es\/noticias\/cuadros-arbol-de-la-vida--que-significa.html\" target=\"_blank\">\u00bfque significa <strong>el \u00e1rbol de la vida?<\/strong><\/a><\/figcaption><\/figure><\/div>\n\n\n\n<h2 class=\"wp-block-heading\">En tienda Delier puedes encontrar una colecci\u00f3n \u00fanica y exclusiva de cuadros modernos. que adornar\u00e1n las paredes de tu casa u apartamento de una manera impresionante y muy personal.<\/h2>\n\n\n\n<p>Cuadros modernos para el sal\u00f3n, decorativos y actuales. Cuadros art\u00edsticos y abstractos, motivos florales, paisajes bellos, motivos del Pop Art, vintage, retro.  esto es solo una peque\u00f1a muestra, mira en tienda, galer\u00eda m\u00e1s ideas y modelos, recuerda que delier crea uno a uno cada trabajo, si no encuentras el que buscas podemos personalizar y crear tu cuadro. Consultanos<\/p>\n\n\n\n<p class=\"has-large-font-size\"><a href=\"https:\/\/www.estudiodelier.es\/tienda\/categorias\/cuadros-por-estilos.html\">Mira aqu\u00ed toda la galeria,<\/a> Estamos en Toledo, Espa\u00f1a, mandamos con DHL A TODO EL MUNDO.<\/p>\n\n\n\n<p>te puede interesar, <a href=\"https:\/\/www.elmueble.com\/decoracion\/50-mejores-suelos-mueble_43086\">suelos para el salon<\/a><\/p>\n","protected":false},"excerpt":{"rendered":"<p>Si te apasiona la decoraci\u00f3n y est\u00e1s buscando cuadros modernos para el sal\u00f3n, comedor, entrada, mira estas ideas. Ideas para Decorar con cuadros modernos para el sal\u00f3n Mira estas ideas de Cuadros modernos para sal\u00f3n comedor es una de las piezas que mas tenemos que pensar, es un elemento clave que ensalzara el sal\u00f3n y &hellip; <\/p>\n<p class=\"link-more\"><a href=\"https:\/\/www.estudiodelier.es\/blog\/cuadros-modernos-salon\/\" class=\"more-link\">Continuar leyendo<span class=\"screen-reader-text\"> \u00abCuadros modernos para sal\u00f3n\u00bb<\/span><\/a><\/p>\n","protected":false},"author":2,"featured_media":273,"comment_status":"closed","ping_status":"closed","sticky":false,"template":"","format":"standard","meta":{"om_disable_all_campaigns":false},"categories":[3,5],"tags":[7,60,62,59,61],"aioseo_notices":[],"_links":{"self":[{"href":"https:\/\/www.estudiodelier.es\/blog\/wp-json\/wp\/v2\/posts\/260"}],"collection":[{"href":"https:\/\/www.estudiodelier.es\/blog\/wp-json\/wp\/v2\/posts"}],"about":[{"href":"https:\/\/www.estudiodelier.es\/blog\/wp-json\/wp\/v2\/types\/post"}],"author":[{"embeddable":true,"href":"https:\/\/www.estudiodelier.es\/blog\/wp-json\/wp\/v2\/users\/2"}],"replies":[{"embeddable":true,"href":"https:\/\/www.estudiodelier.es\/blog\/wp-json\/wp\/v2\/comments?post=260"}],"version-history":[{"count":15,"href":"https:\/\/www.estudiodelier.es\/blog\/wp-json\/wp\/v2\/posts\/260\/revisions"}],"predecessor-version":[{"id":1275,"href":"https:\/\/www.estudiodelier.es\/blog\/wp-json\/wp\/v2\/posts\/260\/revisions\/1275"}],"wp:featuredmedia":[{"embeddable":true,"href":"https:\/\/www.estudiodelier.es\/blog\/wp-json\/wp\/v2\/media\/273"}],"wp:attachment":[{"href":"https:\/\/www.estudiodelier.es\/blog\/wp-json\/wp\/v2\/media?parent=260"}],"wp:term":[{"taxonomy":"category","embeddable":true,"href":"https:\/\/www.estudiodelier.es\/blog\/wp-json\/wp\/v2\/categories?post=260"},{"taxonomy":"post_tag","embeddable":true,"href":"https:\/\/www.estudiodelier.es\/blog\/wp-json\/wp\/v2\/tags?post=260"}],"curies":[{"name":"wp","href":"https:\/\/api.w.org\/{rel}","templated":true}]}}