{"id":433,"date":"2020-03-03T18:22:40","date_gmt":"2020-03-03T18:22:40","guid":{"rendered":"https:\/\/www.estudiodelier.es\/blog\/?p=433"},"modified":"2020-04-14T15:50:19","modified_gmt":"2020-04-14T15:50:19","slug":"cuadros-de-mandalas-en-relieve","status":"publish","type":"post","link":"https:\/\/www.estudiodelier.es\/blog\/cuadros-de-mandalas-en-relieve\/","title":{"rendered":"Cuadros de mandalas en relieve"},"content":{"rendered":"\n<p>Te mostramos algunos <strong>cuadros de mandalas en relieve<\/strong>, en tonos plateados y varios estilos, modernos, cl\u00e1sicos o tradicionalistas. <\/p>\n\n\n\n<h2 class=\"has-text-align-center wp-block-heading\">Mandalas en relieve<\/h2>\n\n\n\n<p class=\"has-text-align-center\">el cuadro perfecto para decorar encima del sof\u00e1, dormitorio, sal\u00f3n, entrada<\/p>\n\n\n\n<div class=\"wp-block-image\"><figure class=\"aligncenter size-large\"><img decoding=\"async\" loading=\"lazy\" width=\"564\" height=\"594\" src=\"https:\/\/www.estudiodelier.es\/blog\/wp-content\/uploads\/2020\/04\/cuadros-mandlas-en-relieve.jpg\" alt=\"cuadros de mandalas en relieve\" class=\"wp-image-1096\" srcset=\"https:\/\/www.estudiodelier.es\/blog\/wp-content\/uploads\/2020\/04\/cuadros-mandlas-en-relieve.jpg 564w, https:\/\/www.estudiodelier.es\/blog\/wp-content\/uploads\/2020\/04\/cuadros-mandlas-en-relieve-285x300.jpg 285w\" sizes=\"(max-width: 564px) 100vw, 564px\" \/><figcaption><a rel=\"noreferrer noopener\" href=\"https:\/\/www.estudiodelier.es\/tienda\/productos\/cuadro-mandala-plata-y-estuco-150x80.html\" target=\"_blank\">cuadro mandara relieve original estudiodelier<\/a><\/figcaption><\/figure><\/div>\n\n\n\n<h2 class=\"has-text-align-center wp-block-heading\">Cuadros Mandalas<\/h2>\n\n\n\n<div class=\"wp-block-image\"><figure class=\"aligncenter is-resized\"><img decoding=\"async\" loading=\"lazy\" src=\"https:\/\/www.estudiodelier.es\/blog\/wp-content\/uploads\/2019\/04\/cuadros-para-salones.jpg\" alt=\"cuadros mandalas tallas de madera\" class=\"wp-image-445\" width=\"524\" height=\"600\" srcset=\"https:\/\/www.estudiodelier.es\/blog\/wp-content\/uploads\/2019\/04\/cuadros-para-salones.jpg 699w, https:\/\/www.estudiodelier.es\/blog\/wp-content\/uploads\/2019\/04\/cuadros-para-salones-262x300.jpg 262w\" sizes=\"(max-width: 524px) 100vw, 524px\" \/><figcaption>talla de madera mandala original delier<\/figcaption><\/figure><\/div>\n\n\n\n<h2 class=\"wp-block-heading\" id=\"mce_11\">Te apasionan los mandalas? los has descubierto hace poco?<\/h2>\n\n\n\n<div class=\"wp-block-image\"><figure class=\"aligncenter is-resized\"><img decoding=\"async\" loading=\"lazy\" src=\"https:\/\/www.estudiodelier.es\/blog\/wp-content\/uploads\/2019\/04\/cuadros-para-sofas-modernos.jpg\" alt=\"cuadros mandalas en relieve\" class=\"wp-image-434\" width=\"600\" height=\"515\" srcset=\"https:\/\/www.estudiodelier.es\/blog\/wp-content\/uploads\/2019\/04\/cuadros-para-sofas-modernos.jpg 800w, https:\/\/www.estudiodelier.es\/blog\/wp-content\/uploads\/2019\/04\/cuadros-para-sofas-modernos-300x257.jpg 300w, https:\/\/www.estudiodelier.es\/blog\/wp-content\/uploads\/2019\/04\/cuadros-para-sofas-modernos-768x659.jpg 768w\" sizes=\"(max-width: 600px) 100vw, 600px\" \/><figcaption><a href=\"https:\/\/www.estudiodelier.es\/tienda\/productos\/cuadro-mandala-plata-y-champan.html\" target=\"_blank\" rel=\"noreferrer noopener\" aria-label=\"cuadros plateados en relieve, original delier (abre en una nueva pesta\u00f1a)\">cuadros plateados en relieve, original delier<\/a><\/figcaption><\/figure><\/div>\n\n\n\n<h2 class=\"wp-block-heading\"><a href=\"https:\/\/www.estudiodelier.es\/tienda\/categorias\/cuadros-por-estilos\/cuadros-coloniales-y-mandalas.html\">\u00bfD\u00f3nde comprar <strong>cuadros mandalas<\/strong>  de calidad?<\/a><\/h2>\n\n\n\n<div class=\"wp-block-image is-style-default\"><figure class=\"aligncenter is-resized\"><img decoding=\"async\" loading=\"lazy\" src=\"https:\/\/www.estudiodelier.es\/blog\/wp-content\/uploads\/2019\/04\/cuadros-pintados-a-mano-mandalas.jpg\" alt=\"cuadros mandalas artesanos\" width=\"447\" height=\"375\"\/><\/figure><\/div>\n\n\n\n<p> En estudio Delier creamos obra original, mandalas en relieve de estuco, relieves de madera tallados, fibra o pintura, en tonos platas, neutros, mandalas en blanco o tradicionales tibetanos, <\/p>\n\n\n\n<p class=\"has-background has-text-align-center has-large-font-size has-pale-pink-background-color\"> <strong><a href=\"https:\/\/www.estudiodelier.es\/tienda\/categorias\/cuadros-por-estilos\/cuadros-coloniales-y-mandalas.html\">ir a tienda de mandalas<\/a><\/strong> <\/p>\n\n\n\n<div class=\"wp-block-image\"><figure class=\"aligncenter is-resized\"><img decoding=\"async\" loading=\"lazy\" src=\"https:\/\/www.estudiodelier.es\/blog\/wp-content\/uploads\/2019\/04\/comprar-cuadros-tripticos-plateados.jpg\" alt=\"cuadros plateados para dormitorio modernos\" class=\"wp-image-435\" width=\"600\" height=\"496\" srcset=\"https:\/\/www.estudiodelier.es\/blog\/wp-content\/uploads\/2019\/04\/comprar-cuadros-tripticos-plateados.jpg 800w, https:\/\/www.estudiodelier.es\/blog\/wp-content\/uploads\/2019\/04\/comprar-cuadros-tripticos-plateados-300x248.jpg 300w, https:\/\/www.estudiodelier.es\/blog\/wp-content\/uploads\/2019\/04\/comprar-cuadros-tripticos-plateados-768x635.jpg 768w\" sizes=\"(max-width: 600px) 100vw, 600px\" \/><figcaption>cuadros plateados <a href=\"https:\/\/www.estudiodelier.es\/tienda\/productos\/cuadros-triptico-plata.html\">mandalas modernos<\/a><\/figcaption><\/figure><\/div>\n\n\n\n<h2 class=\"wp-block-heading\">Cuadros de mandalas en relieve<\/h2>\n\n\n\n<div class=\"wp-block-image is-style-default\"><figure class=\"aligncenter size-large is-resized\"><img decoding=\"async\" loading=\"lazy\" src=\"https:\/\/www.estudiodelier.es\/blog\/wp-content\/uploads\/2020\/03\/cuadros-mandalas-tibetanos-relieves.jpg\" alt=\"cuadros mandalas\" class=\"wp-image-1077\" width=\"510\" height=\"600\" srcset=\"https:\/\/www.estudiodelier.es\/blog\/wp-content\/uploads\/2020\/03\/cuadros-mandalas-tibetanos-relieves.jpg 680w, https:\/\/www.estudiodelier.es\/blog\/wp-content\/uploads\/2020\/03\/cuadros-mandalas-tibetanos-relieves-255x300.jpg 255w\" sizes=\"(max-width: 510px) 100vw, 510px\" \/><\/figure><\/div>\n\n\n\n<p>trabajos artesanos realizados en el estudio por artistas, en interpretar y plasmar los s\u00edmbolos y decorados mas exclusivos de los m\u00e1ndalas<\/p>\n\n\n\n<h3 class=\"wp-block-heading\"><a href=\"https:\/\/www.estudiodelier.es\/noticias\/cuadros-para-el-sofa.html\">cuadros para el sofa<\/a><\/h3>\n\n\n\n<div class=\"wp-block-image\"><figure class=\"aligncenter is-resized\"><img decoding=\"async\" loading=\"lazy\" src=\"https:\/\/www.estudiodelier.es\/blog\/wp-content\/uploads\/2019\/09\/cuadros-tripticos-sofas.jpg\" alt=\"triptico cuadros para el sofa\" class=\"wp-image-861\" width=\"594\" height=\"600\" srcset=\"https:\/\/www.estudiodelier.es\/blog\/wp-content\/uploads\/2019\/09\/cuadros-tripticos-sofas.jpg 792w, https:\/\/www.estudiodelier.es\/blog\/wp-content\/uploads\/2019\/09\/cuadros-tripticos-sofas-297x300.jpg 297w, https:\/\/www.estudiodelier.es\/blog\/wp-content\/uploads\/2019\/09\/cuadros-tripticos-sofas-768x776.jpg 768w, https:\/\/www.estudiodelier.es\/blog\/wp-content\/uploads\/2019\/09\/cuadros-tripticos-sofas-100x100.jpg 100w\" sizes=\"(max-width: 594px) 100vw, 594px\" \/><figcaption>triptico cuadros mandalas<\/figcaption><\/figure><\/div>\n\n\n\n<div class=\"wp-block-image\"><figure class=\"alignleft is-resized\"><img decoding=\"async\" loading=\"lazy\" src=\"https:\/\/www.estudiodelier.es\/blog\/wp-content\/uploads\/2019\/04\/cuadros-en-relieve.jpg\" alt=\"cuadros relieves en blanco\" class=\"wp-image-439\" width=\"150\" height=\"200\" srcset=\"https:\/\/www.estudiodelier.es\/blog\/wp-content\/uploads\/2019\/04\/cuadros-en-relieve.jpg 599w, https:\/\/www.estudiodelier.es\/blog\/wp-content\/uploads\/2019\/04\/cuadros-en-relieve-225x300.jpg 225w\" sizes=\"(max-width: 150px) 100vw, 150px\" \/><\/figure><\/div>\n\n\n\n<p>Aqu\u00ed hemos seleccionado algunas fotos de los mejores <strong>cuadros mandalas decorativos <\/strong>para tu pared originales de Estudio Delier. Los cuadros de <strong>mandalas<\/strong> est\u00e1n de moda y gracias a el yoga, feng shui, meditaci\u00f3n etc. etc estos se han dado a conocer y popularizado  en los \u00faltimos a\u00f1os, siendo la tendencia en decoraci\u00f3n por sus dise\u00f1os, colores, significados. Los tienes en distintos materiales, como madera, lienzo o resinas.<\/p>\n\n\n\n<div class=\"wp-block-image\"><figure class=\"aligncenter is-resized\"><img decoding=\"async\" loading=\"lazy\" src=\"https:\/\/www.estudiodelier.es\/blog\/wp-content\/uploads\/2019\/04\/cuadros-clasicos-dorados.jpg\" alt=\"cuadros mandalas en oro con relieves\" class=\"wp-image-438\" width=\"563\" height=\"597\" srcset=\"https:\/\/www.estudiodelier.es\/blog\/wp-content\/uploads\/2019\/04\/cuadros-clasicos-dorados.jpg 750w, https:\/\/www.estudiodelier.es\/blog\/wp-content\/uploads\/2019\/04\/cuadros-clasicos-dorados-283x300.jpg 283w\" sizes=\"(max-width: 563px) 100vw, 563px\" \/><figcaption>cuadro mandala oro, de estilo moderno, original delier<\/figcaption><\/figure><\/div>\n\n\n\n<h2 class=\"wp-block-heading\">ideas de cuadros para el dormitorio<\/h2>\n\n\n\n<div class=\"wp-block-image\"><figure class=\"aligncenter is-resized\"><img decoding=\"async\" loading=\"lazy\" src=\"https:\/\/www.estudiodelier.es\/blog\/wp-content\/uploads\/2019\/04\/tienda-cuadros-coloniales-birmanos.jpg\" alt=\"cuadros mandalas dormitorios\" class=\"wp-image-441\" width=\"600\" height=\"713\" srcset=\"https:\/\/www.estudiodelier.es\/blog\/wp-content\/uploads\/2019\/04\/tienda-cuadros-coloniales-birmanos.jpg 800w, https:\/\/www.estudiodelier.es\/blog\/wp-content\/uploads\/2019\/04\/tienda-cuadros-coloniales-birmanos-253x300.jpg 253w, https:\/\/www.estudiodelier.es\/blog\/wp-content\/uploads\/2019\/04\/tienda-cuadros-coloniales-birmanos-768x912.jpg 768w\" sizes=\"(max-width: 600px) 100vw, 600px\" \/><figcaption>cuadros de mandalas  para dormitorios<\/figcaption><\/figure><\/div>\n\n\n\n<div class=\"wp-block-image\"><figure class=\"aligncenter is-resized\"><img decoding=\"async\" loading=\"lazy\" src=\"https:\/\/www.estudiodelier.es\/blog\/wp-content\/uploads\/2019\/04\/cuadros-para-recibidores-2.jpg\" alt=\"cuadros de mandalas para la entrada\" class=\"wp-image-442\" width=\"525\" height=\"648\" srcset=\"https:\/\/www.estudiodelier.es\/blog\/wp-content\/uploads\/2019\/04\/cuadros-para-recibidores-2.jpg 700w, https:\/\/www.estudiodelier.es\/blog\/wp-content\/uploads\/2019\/04\/cuadros-para-recibidores-2-243x300.jpg 243w\" sizes=\"(max-width: 525px) 100vw, 525px\" \/><figcaption>cuadros mandalas en relieve para entradas<\/figcaption><\/figure><\/div>\n\n\n\n<h2 class=\"wp-block-heading\">Ventajas de decorar con cuadros en relieve<\/h2>\n\n\n\n<p>Crear espacios donde la decoraci\u00f3n resalta, es un efecto simple y muy apreciado, en los cuadros y concretamente ahora en los mandalas esto lo podemos conseguir, si son tallados en madera, en sobre relieve de estuco, fibra.., los relieves captan la luz y acent\u00faan las sombras, como resultado, conseguimos decorar con cuadros vivos que transmiten movimientos y depende de la luz estos cambian su percepci\u00f3n, como es el caso de los cuadros en plata, estos reflejan la luz a la perfecci\u00f3n, de d\u00eda son un cuadro con unos matices y por la noche estos tonos cambian, <\/p>\n\n\n\n<div class=\"wp-block-image\"><figure class=\"aligncenter is-resized\"><img decoding=\"async\" loading=\"lazy\" src=\"https:\/\/www.estudiodelier.es\/blog\/wp-content\/uploads\/2019\/09\/cuadros-flor-de-la-vida-modernos.jpg\" alt=\"cuadro flor de la vida relieve\" class=\"wp-image-851\" width=\"510\" height=\"600\" srcset=\"https:\/\/www.estudiodelier.es\/blog\/wp-content\/uploads\/2019\/09\/cuadros-flor-de-la-vida-modernos.jpg 680w, https:\/\/www.estudiodelier.es\/blog\/wp-content\/uploads\/2019\/09\/cuadros-flor-de-la-vida-modernos-255x300.jpg 255w\" sizes=\"(max-width: 510px) 100vw, 510px\" \/><figcaption>cuadro m\u00e1ndala original delier, flor de la vida en relieve<\/figcaption><\/figure><\/div>\n\n\n\n<p>Si te gustan algunos de estos cuadros, son dise\u00f1os exclusivos del artista delier, puedes ver muchos m\u00e1s modelos en tienda , todos los hacemos en el estudio, de forma artesanal y uno a uno, mandamos desde Espa\u00f1a a todo el Mundo. incluso personalizamos y hacemos el tuyo.<\/p>\n\n\n\n<h2 class=\"wp-block-heading\">Que son los m\u00e1ndalas?<\/h2>\n\n\n\n<div class=\"wp-block-image is-style-default\"><figure class=\"aligncenter size-large is-resized\"><img decoding=\"async\" loading=\"lazy\" src=\"https:\/\/www.estudiodelier.es\/blog\/wp-content\/uploads\/2020\/03\/cuadros-simbolos-mano-hamsa.jpg\" alt=\"cuadro mandala fatima\" class=\"wp-image-1078\" width=\"521\" height=\"600\" srcset=\"https:\/\/www.estudiodelier.es\/blog\/wp-content\/uploads\/2020\/03\/cuadros-simbolos-mano-hamsa.jpg 694w, https:\/\/www.estudiodelier.es\/blog\/wp-content\/uploads\/2020\/03\/cuadros-simbolos-mano-hamsa-260x300.jpg 260w\" sizes=\"(max-width: 521px) 100vw, 521px\" \/><\/figure><\/div>\n\n\n\n<p>Los m\u00e1ndalas  tienen una interpretaci\u00f3n seg\u00fan su forma y color, pasando a&nbsp; ser poderosos aliados en meditaci\u00f3n y canalizador de energ\u00edas.<\/p>\n\n\n\n<p>El m\u00e1ndala &nbsp;<strong><em>\u201cc\u00edrculo o rueda\u201d,&nbsp;&nbsp;<\/em><\/strong> es un centro energ\u00e9tico de equilibrio y purificaci\u00f3n que ayuda a transformar el entorno de nuestro hogar y la mente de quien medita en ellos.   Es un patr\u00f3n geom\u00e9trico, normalmente un c\u00edrculo rodeado por un cuadrado con cuatro puertas. Su caracter\u00edstica principal es la presencia de una estructura que se organiza y unifica en torno a un centro.  tambi\u00e9n se representan en circulo que hologramas o tallas en relieve.<\/p>\n\n\n\n<h2 class=\"wp-block-heading\"><strong>cuadros m\u00e1ndalas<\/strong> plateados<\/h2>\n\n\n\n<figure class=\"wp-block-image\"><img decoding=\"async\" loading=\"lazy\" width=\"686\" height=\"800\" src=\"https:\/\/www.estudiodelier.es\/blog\/wp-content\/uploads\/2019\/09\/cuadros-para-entradas-mandalas.jpg\" alt=\"cuadros de mandalas \" class=\"wp-image-853\" srcset=\"https:\/\/www.estudiodelier.es\/blog\/wp-content\/uploads\/2019\/09\/cuadros-para-entradas-mandalas.jpg 686w, https:\/\/www.estudiodelier.es\/blog\/wp-content\/uploads\/2019\/09\/cuadros-para-entradas-mandalas-257x300.jpg 257w\" sizes=\"(max-width: 686px) 100vw, 686px\" \/><figcaption>cuadros mandalas plateados, puedes verlo en tienda de mandalas estudiodelier<\/figcaption><\/figure>\n\n\n\n<p style=\"color:#be1dbb\" class=\"has-text-color has-large-font-size\"><strong>Si estos cuadros te gustaron o quieres ver mas p\u00e1sate por tienda de cuadros m\u00e1ndalas, veras un mont\u00f3n de ideas, y por supuesto estos tambi\u00e9n<\/strong><\/p>\n\n\n\n<p style=\"font-size:30px\" class=\"has-text-color has-background has-text-align-center has-very-light-gray-color has-very-dark-gray-background-color\"><strong><a href=\"https:\/\/www.estudiodelier.es\/tienda\/categorias\/cuadros-por-estilos\/cuadros-coloniales-y-mandalas.html\">IR A TIENDA , GALER\u00cdA DELIER<\/a><\/strong><\/p>\n\n\n\n<pre class=\"wp-block-verse\">te puede interesar, <strong><a href=\"https:\/\/www.elledecor.com\/es\/decoracion\/g27696407\/paredes-decoracion-relieve-escayolas-paneles-celosias-tendencia\/\" target=\"_blank\" rel=\"noreferrer noopener\" aria-label=\"relieves para decorar la pared (se abre en una nueva pesta\u00f1a)\">relieves para decorar la pared<\/a><\/strong><\/pre>\n\n\n\n<p><\/p>\n","protected":false},"excerpt":{"rendered":"<p>Te mostramos algunos cuadros de mandalas en relieve, en tonos plateados y varios estilos, modernos, cl\u00e1sicos o tradicionalistas. Mandalas en relieve el cuadro perfecto para decorar encima del sof\u00e1, dormitorio, sal\u00f3n, entrada Cuadros Mandalas Te apasionan los mandalas? los has descubierto hace poco? \u00bfD\u00f3nde comprar cuadros mandalas de calidad? En estudio Delier creamos obra original, &hellip; <\/p>\n<p class=\"link-more\"><a href=\"https:\/\/www.estudiodelier.es\/blog\/cuadros-de-mandalas-en-relieve\/\" class=\"more-link\">Continuar leyendo<span class=\"screen-reader-text\"> \u00abCuadros de mandalas en relieve\u00bb<\/span><\/a><\/p>\n","protected":false},"author":2,"featured_media":441,"comment_status":"closed","ping_status":"closed","sticky":false,"template":"","format":"standard","meta":{"om_disable_all_campaigns":false},"categories":[80],"tags":[98,21,78,79,16],"aioseo_notices":[],"_links":{"self":[{"href":"https:\/\/www.estudiodelier.es\/blog\/wp-json\/wp\/v2\/posts\/433"}],"collection":[{"href":"https:\/\/www.estudiodelier.es\/blog\/wp-json\/wp\/v2\/posts"}],"about":[{"href":"https:\/\/www.estudiodelier.es\/blog\/wp-json\/wp\/v2\/types\/post"}],"author":[{"embeddable":true,"href":"https:\/\/www.estudiodelier.es\/blog\/wp-json\/wp\/v2\/users\/2"}],"replies":[{"embeddable":true,"href":"https:\/\/www.estudiodelier.es\/blog\/wp-json\/wp\/v2\/comments?post=433"}],"version-history":[{"count":13,"href":"https:\/\/www.estudiodelier.es\/blog\/wp-json\/wp\/v2\/posts\/433\/revisions"}],"predecessor-version":[{"id":1097,"href":"https:\/\/www.estudiodelier.es\/blog\/wp-json\/wp\/v2\/posts\/433\/revisions\/1097"}],"wp:featuredmedia":[{"embeddable":true,"href":"https:\/\/www.estudiodelier.es\/blog\/wp-json\/wp\/v2\/media\/441"}],"wp:attachment":[{"href":"https:\/\/www.estudiodelier.es\/blog\/wp-json\/wp\/v2\/media?parent=433"}],"wp:term":[{"taxonomy":"category","embeddable":true,"href":"https:\/\/www.estudiodelier.es\/blog\/wp-json\/wp\/v2\/categories?post=433"},{"taxonomy":"post_tag","embeddable":true,"href":"https:\/\/www.estudiodelier.es\/blog\/wp-json\/wp\/v2\/tags?post=433"}],"curies":[{"name":"wp","href":"https:\/\/api.w.org\/{rel}","templated":true}]}}