{"id":572,"date":"2020-11-01T10:36:00","date_gmt":"2020-11-01T10:36:00","guid":{"rendered":"https:\/\/www.estudiodelier.es\/blog\/?p=572"},"modified":"2020-12-02T09:01:12","modified_gmt":"2020-12-02T09:01:12","slug":"donde-comprar-cuadros-mandalas","status":"publish","type":"post","link":"https:\/\/www.estudiodelier.es\/blog\/donde-comprar-cuadros-mandalas\/","title":{"rendered":"D\u00f3nde comprar cuadros mandalas"},"content":{"rendered":"\n<p>Una de las apuestas m\u00e1s seguras para la decoraci\u00f3n de tu casa son los <strong>cuadros mandala<\/strong>, aportan un ambiente relajado al hogar y concentra todas las miradas de la sala. Comprar cuadros<\/p>\n\n\n\n<div class=\"wp-block-image\"><figure class=\"aligncenter size-large\"><a href=\"https:\/\/www.estudiodelier.es\/tienda\/productos\/cuadros-mandalas-50x50-boho.html\"><img decoding=\"async\" loading=\"lazy\" width=\"859\" height=\"800\" src=\"https:\/\/www.estudiodelier.es\/blog\/wp-content\/uploads\/2020\/12\/cuadros-mandalas-blancos-50-f.jpg\" alt=\"cuadros mandalas\" class=\"wp-image-1225\" srcset=\"https:\/\/www.estudiodelier.es\/blog\/wp-content\/uploads\/2020\/12\/cuadros-mandalas-blancos-50-f.jpg 859w, https:\/\/www.estudiodelier.es\/blog\/wp-content\/uploads\/2020\/12\/cuadros-mandalas-blancos-50-f-300x279.jpg 300w, https:\/\/www.estudiodelier.es\/blog\/wp-content\/uploads\/2020\/12\/cuadros-mandalas-blancos-50-f-768x715.jpg 768w\" sizes=\"(max-width: 767px) 89vw, (max-width: 1000px) 54vw, (max-width: 1071px) 543px, 580px\" \/><\/a><\/figure><\/div>\n\n\n\n<p>Los cuadros de mandalas han revivido en los \u00faltimos a\u00f1os, siendo la <strong>tendencia en decoraci\u00f3n de 2019<\/strong>.<\/p>\n\n\n\n<h2 class=\"wp-block-heading\">\u00bfD\u00f3nde comprar cuadros mandalas de calidad?<\/h2>\n\n\n\n<p>En<a href=\"https:\/\/www.estudiodelier.es\/\"> Estudio Delier<\/a> dise\u00f1amos y fabricamos a mano cuadros mandala con sobre relieve en lienzo, fibras, \u00f3leo, estuco o pan de plata. Realizamos nuestros <strong>cuadros en Espa\u00f1a<\/strong>, comprar en Estudio Delier es <a href=\"https:\/\/www.estudiodelier.es\/tienda\/categorias\/cuadros-por-estilos.html\">comprar cuadros de calidad artesanal y \u00fanica.<\/a><\/p>\n\n\n\n<p>Aqu\u00ed os mostramos <strong>los mejores cuadros mandalas artesanales:<\/strong><\/p>\n\n\n\n<h2 class=\"wp-block-heading\"><a href=\"https:\/\/www.estudiodelier.es\/tienda\/categorias\/cuadros-por-estilos\/cuadros-coloniales-y-mandalas.html\">Cuadro mandala en plata<\/a><\/h2>\n\n\n\n<div class=\"wp-block-image\"><figure class=\"aligncenter size-large is-resized\"><a href=\"https:\/\/www.estudiodelier.es\/tienda\/productos\/cuadro-mandala-roseton-plata-100x100-.html\"><img decoding=\"async\" loading=\"lazy\" src=\"https:\/\/www.estudiodelier.es\/blog\/wp-content\/uploads\/2020\/12\/cuadro-mandala-plateado-10c0.jpg\" alt=\"cuadros de mandalas plateados\" class=\"wp-image-1226\" width=\"497\" height=\"600\" srcset=\"https:\/\/www.estudiodelier.es\/blog\/wp-content\/uploads\/2020\/12\/cuadro-mandala-plateado-10c0.jpg 663w, https:\/\/www.estudiodelier.es\/blog\/wp-content\/uploads\/2020\/12\/cuadro-mandala-plateado-10c0-249x300.jpg 249w\" sizes=\"(max-width: 497px) 100vw, 497px\" \/><\/a><\/figure><\/div>\n\n\n\n<h2 class=\"wp-block-heading\">Cuadro mandala vintage<\/h2>\n\n\n\n<figure class=\"wp-block-gallery aligncenter columns-2 is-cropped wp-block-gallery-1 is-layout-flex\"><ul class=\"blocks-gallery-grid\"><li class=\"blocks-gallery-item\"><figure><img decoding=\"async\" loading=\"lazy\" width=\"400\" height=\"409\" src=\"https:\/\/www.estudiodelier.es\/blog\/wp-content\/uploads\/2019\/04\/D\u00f3nde-comprar-cuadros-mandalas-4.jpg\" alt=\"\" data-id=\"575\" class=\"wp-image-575\" srcset=\"https:\/\/www.estudiodelier.es\/blog\/wp-content\/uploads\/2019\/04\/D\u00f3nde-comprar-cuadros-mandalas-4.jpg 400w, https:\/\/www.estudiodelier.es\/blog\/wp-content\/uploads\/2019\/04\/D\u00f3nde-comprar-cuadros-mandalas-4-293x300.jpg 293w\" sizes=\"(max-width: 400px) 100vw, 400px\" \/><\/figure><\/li><li class=\"blocks-gallery-item\"><figure><img decoding=\"async\" loading=\"lazy\" width=\"646\" height=\"750\" src=\"https:\/\/www.estudiodelier.es\/blog\/wp-content\/uploads\/2019\/04\/D\u00f3nde-comprar-cuadros-mandalas-3.jpg\" alt=\"\" data-id=\"624\" data-link=\"https:\/\/www.estudiodelier.es\/blog\/?attachment_id=624\" class=\"wp-image-624\" srcset=\"https:\/\/www.estudiodelier.es\/blog\/wp-content\/uploads\/2019\/04\/D\u00f3nde-comprar-cuadros-mandalas-3.jpg 646w, https:\/\/www.estudiodelier.es\/blog\/wp-content\/uploads\/2019\/04\/D\u00f3nde-comprar-cuadros-mandalas-3-258x300.jpg 258w\" sizes=\"(max-width: 646px) 100vw, 646px\" \/><\/figure><\/li><\/ul><\/figure>\n\n\n\n<h2 class=\"wp-block-heading\"><a href=\"https:\/\/www.estudiodelier.es\/tienda\/productos\/cuadro-talla-roseton-madera.html\">Cuadro mandala madera<\/a><\/h2>\n\n\n\n<figure class=\"wp-block-gallery aligncenter columns-2 is-cropped wp-block-gallery-3 is-layout-flex\"><ul class=\"blocks-gallery-grid\"><li class=\"blocks-gallery-item\"><figure><img decoding=\"async\" loading=\"lazy\" width=\"400\" height=\"398\" src=\"https:\/\/www.estudiodelier.es\/blog\/wp-content\/uploads\/2019\/04\/D\u00f3nde-comprar-cuadros-mandalas-5.jpg\" alt=\"\" data-id=\"576\" class=\"wp-image-576\" srcset=\"https:\/\/www.estudiodelier.es\/blog\/wp-content\/uploads\/2019\/04\/D\u00f3nde-comprar-cuadros-mandalas-5.jpg 400w, https:\/\/www.estudiodelier.es\/blog\/wp-content\/uploads\/2019\/04\/D\u00f3nde-comprar-cuadros-mandalas-5-150x150.jpg 150w, https:\/\/www.estudiodelier.es\/blog\/wp-content\/uploads\/2019\/04\/D\u00f3nde-comprar-cuadros-mandalas-5-300x300.jpg 300w, https:\/\/www.estudiodelier.es\/blog\/wp-content\/uploads\/2019\/04\/D\u00f3nde-comprar-cuadros-mandalas-5-100x100.jpg 100w\" sizes=\"(max-width: 400px) 100vw, 400px\" \/><\/figure><\/li><li class=\"blocks-gallery-item\"><figure><img decoding=\"async\" loading=\"lazy\" width=\"758\" height=\"750\" src=\"https:\/\/www.estudiodelier.es\/blog\/wp-content\/uploads\/2019\/04\/D\u00f3nde-comprar-cuadros-mandalas-6.jpg\" alt=\"\" data-id=\"625\" data-link=\"https:\/\/www.estudiodelier.es\/blog\/?attachment_id=625\" class=\"wp-image-625\" srcset=\"https:\/\/www.estudiodelier.es\/blog\/wp-content\/uploads\/2019\/04\/D\u00f3nde-comprar-cuadros-mandalas-6.jpg 758w, https:\/\/www.estudiodelier.es\/blog\/wp-content\/uploads\/2019\/04\/D\u00f3nde-comprar-cuadros-mandalas-6-300x297.jpg 300w, https:\/\/www.estudiodelier.es\/blog\/wp-content\/uploads\/2019\/04\/D\u00f3nde-comprar-cuadros-mandalas-6-100x100.jpg 100w\" sizes=\"(max-width: 706px) 89vw, (max-width: 767px) 82vw, 740px\" \/><\/figure><\/li><\/ul><\/figure>\n\n\n\n<h2 class=\"wp-block-heading\"><a href=\"https:\/\/www.estudiodelier.es\/tienda\/productos\/cuadro-mandala-yoga-80x80.html\">Cuadro mandala oriental<\/a><\/h2>\n\n\n\n<figure class=\"wp-block-gallery aligncenter columns-2 is-cropped wp-block-gallery-5 is-layout-flex\"><ul class=\"blocks-gallery-grid\"><li class=\"blocks-gallery-item\"><figure><img decoding=\"async\" loading=\"lazy\" width=\"400\" height=\"399\" src=\"https:\/\/www.estudiodelier.es\/blog\/wp-content\/uploads\/2019\/04\/D\u00f3nde-comprar-cuadros-mandalas-8.jpg\" alt=\"\" data-id=\"577\" class=\"wp-image-577\" srcset=\"https:\/\/www.estudiodelier.es\/blog\/wp-content\/uploads\/2019\/04\/D\u00f3nde-comprar-cuadros-mandalas-8.jpg 400w, https:\/\/www.estudiodelier.es\/blog\/wp-content\/uploads\/2019\/04\/D\u00f3nde-comprar-cuadros-mandalas-8-150x150.jpg 150w, https:\/\/www.estudiodelier.es\/blog\/wp-content\/uploads\/2019\/04\/D\u00f3nde-comprar-cuadros-mandalas-8-300x300.jpg 300w, https:\/\/www.estudiodelier.es\/blog\/wp-content\/uploads\/2019\/04\/D\u00f3nde-comprar-cuadros-mandalas-8-100x100.jpg 100w\" sizes=\"(max-width: 400px) 100vw, 400px\" \/><\/figure><\/li><li class=\"blocks-gallery-item\"><figure><img decoding=\"async\" loading=\"lazy\" width=\"700\" height=\"614\" src=\"https:\/\/www.estudiodelier.es\/blog\/wp-content\/uploads\/2019\/04\/D\u00f3nde-comprar-cuadros-mandalas-7.jpg\" alt=\"\" data-id=\"626\" data-link=\"https:\/\/www.estudiodelier.es\/blog\/?attachment_id=626\" class=\"wp-image-626\" srcset=\"https:\/\/www.estudiodelier.es\/blog\/wp-content\/uploads\/2019\/04\/D\u00f3nde-comprar-cuadros-mandalas-7.jpg 700w, https:\/\/www.estudiodelier.es\/blog\/wp-content\/uploads\/2019\/04\/D\u00f3nde-comprar-cuadros-mandalas-7-300x263.jpg 300w\" sizes=\"(max-width: 700px) 100vw, 700px\" \/><\/figure><\/li><\/ul><\/figure>\n\n\n\n<h2 class=\"wp-block-heading\">Cuadro mandala negro y plata<\/h2>\n\n\n\n<figure class=\"wp-block-gallery aligncenter columns-2 is-cropped wp-block-gallery-7 is-layout-flex\"><ul class=\"blocks-gallery-grid\"><li class=\"blocks-gallery-item\"><figure><img decoding=\"async\" loading=\"lazy\" width=\"400\" height=\"364\" src=\"https:\/\/www.estudiodelier.es\/blog\/wp-content\/uploads\/2019\/04\/D\u00f3nde-comprar-cuadros-mandalas-10.jpg\" alt=\"\" data-id=\"578\" class=\"wp-image-578\" srcset=\"https:\/\/www.estudiodelier.es\/blog\/wp-content\/uploads\/2019\/04\/D\u00f3nde-comprar-cuadros-mandalas-10.jpg 400w, https:\/\/www.estudiodelier.es\/blog\/wp-content\/uploads\/2019\/04\/D\u00f3nde-comprar-cuadros-mandalas-10-300x273.jpg 300w\" sizes=\"(max-width: 400px) 100vw, 400px\" \/><\/figure><\/li><li class=\"blocks-gallery-item\"><figure><img decoding=\"async\" loading=\"lazy\" width=\"400\" height=\"525\" src=\"https:\/\/www.estudiodelier.es\/blog\/wp-content\/uploads\/2019\/04\/D\u00f3nde-comprar-cuadros-mandalas-9-1.jpg\" alt=\"\" data-id=\"627\" data-link=\"https:\/\/www.estudiodelier.es\/blog\/?attachment_id=627\" class=\"wp-image-627\" srcset=\"https:\/\/www.estudiodelier.es\/blog\/wp-content\/uploads\/2019\/04\/D\u00f3nde-comprar-cuadros-mandalas-9-1.jpg 400w, https:\/\/www.estudiodelier.es\/blog\/wp-content\/uploads\/2019\/04\/D\u00f3nde-comprar-cuadros-mandalas-9-1-229x300.jpg 229w\" sizes=\"(max-width: 400px) 100vw, 400px\" \/><\/figure><\/li><\/ul><\/figure>\n\n\n\n<p>Sea cual sea el estilo con el que te identificas los <strong>cuadros mandala<\/strong> son una <strong>apuesta segura<\/strong> y muy moderna. Hay m\u00e1s modelos en nuestra <a href=\"https:\/\/www.estudiodelier.es\/tienda\/categorias\/cuadros-por-estilos\/cuadros-coloniales-y-mandalas.html\">tienda online de cuadros<\/a> \u00a1Echa un vistazo! <\/p>\n\n\n\n<figure class=\"wp-block-image size-large\"><img decoding=\"async\" loading=\"lazy\" width=\"652\" height=\"700\" src=\"https:\/\/www.estudiodelier.es\/blog\/wp-content\/uploads\/2020\/12\/cuadros-sofas-grises.jpg\" alt=\"cuadros mandalas para el sof\u00e1\" class=\"wp-image-1227\" srcset=\"https:\/\/www.estudiodelier.es\/blog\/wp-content\/uploads\/2020\/12\/cuadros-sofas-grises.jpg 652w, https:\/\/www.estudiodelier.es\/blog\/wp-content\/uploads\/2020\/12\/cuadros-sofas-grises-279x300.jpg 279w\" sizes=\"(max-width: 652px) 100vw, 652px\" \/><\/figure>\n\n\n\n<p>tambi\u00e9n te puede interesar <a href=\"https:\/\/es.wikipedia.org\/wiki\/Mandala\">historia de los mandalas<\/a><\/p>\n\n\n\n<p>Estructuralmente, el espacio sagrado (el centro del Universo y soporte de concentraci\u00f3n) se representa como un c\u00edrculo inscrito dentro de una forma cuadrangular. En la pr\u00e1ctica, los\u00a0yantras\u00a0hinduistas\u00a0son lineales, mientras que los\u00a0<em>mandalas<\/em>\u00a0<a href=\"https:\/\/es.wikipedia.org\/wiki\/Budismo\">budistas<\/a>\u00a0son bastante figurativos. A partir de los ejes cardinales, suelen sectorizarse las partes o regiones internas del c\u00edrculo-mandala.<\/p>\n\n\n\n<h2 class=\"wp-block-heading\">D\u00f3nde comprar cuadros mandalas<\/h2>\n\n\n\n<p>Por otra parte, otras culturas poseen configuraciones mand\u00e1licas o mandaloides, frecuentemente con intenci\u00f3n espiritual: la\u00a0<a href=\"https:\/\/es.wikipedia.org\/wiki\/Mandorla\">mandorla<\/a>\u00a0(<a href=\"https:\/\/es.wikipedia.org\/wiki\/Prunus_dulcis\">almendra<\/a>) del\u00a0<a href=\"https:\/\/es.wikipedia.org\/wiki\/Arte_cristiano#Arte_de_la_Edad_Media\">arte cristiano medieval<\/a>, ciertos\u00a0<a href=\"https:\/\/es.wikipedia.org\/wiki\/Laberinto\">laberintos<\/a>\u00a0en el pavimento de las iglesias\u00a0<a href=\"https:\/\/es.wikipedia.org\/wiki\/Arte_g%C3%B3tico\">g\u00f3ticas<\/a>, los\u00a0<a href=\"https:\/\/es.wikipedia.org\/wiki\/Roset%C3%B3n\">rosetones<\/a>\u00a0de\u00a0<a href=\"https:\/\/es.wikipedia.org\/wiki\/Vitral\">vitral<\/a>\u00a0en las mismas iglesias, las\u00a0<a href=\"https:\/\/es.wikipedia.org\/wiki\/Chacana\">chacanas<\/a>\u00a0del\u00a0<a href=\"https:\/\/es.wikipedia.org\/wiki\/Civilizaciones_andinas\">mundo andino<\/a>, los diagramas de los\u00a0<a href=\"https:\/\/es.wikipedia.org\/wiki\/Indios_pueblo\">indios pueblo<\/a>, etc\u00e9tera.<\/p>\n\n\n\n<figure class=\"wp-block-image size-large is-resized\"><img decoding=\"async\" loading=\"lazy\" src=\"https:\/\/www.estudiodelier.es\/blog\/wp-content\/uploads\/2020\/12\/cuadros-para-dormitorios-plateados.jpg\" alt=\"cuadros para el cabecero\" class=\"wp-image-1228\" width=\"474\" height=\"525\" srcset=\"https:\/\/www.estudiodelier.es\/blog\/wp-content\/uploads\/2020\/12\/cuadros-para-dormitorios-plateados.jpg 632w, https:\/\/www.estudiodelier.es\/blog\/wp-content\/uploads\/2020\/12\/cuadros-para-dormitorios-plateados-271x300.jpg 271w\" sizes=\"(max-width: 474px) 100vw, 474px\" \/><figcaption>original estudio delier<\/figcaption><\/figure>\n\n\n\n<h3 class=\"wp-block-heading\" id=\"anchor_1\">\u00bfPara qu\u00e9 se utilizan los mandalas?<\/h3>\n\n\n\n<p>Realmente el mandala\u00a0<strong>puede tener diversas utilidades<\/strong>, por ejemplo, los budistas lo utilizan b\u00e1sicamente como una herramienta para practicar la meditaci\u00f3n. Sin embargo tambi\u00e9n tiene fines espirituales y curativos ya que se dice que el dise\u00f1o del mandala (debido a que se desarroll\u00f3 desde muy temprano en la historia de la humanidad y a su dise\u00f1o que es parecido a la estructura del cosmos y de todo lo que nos rodea) est\u00e1 grabado en lo profundo de nuestro inconsciente. Tambi\u00e9n es percibido desde un punto de vista espiritual como un centro energ\u00e9tico el cual ayuda a las personas que lo realizan a tener un mayor equilibrio y a purificar su mente y por lo tanto el entorno en el que se desenvuelven.<\/p>\n\n\n\n<figure class=\"wp-block-image size-large\"><img decoding=\"async\" loading=\"lazy\" width=\"564\" height=\"551\" src=\"https:\/\/www.estudiodelier.es\/blog\/wp-content\/uploads\/2020\/10\/mandalas-delier-oficinas-1.jpg\" alt=\"cuadros plateados mandlas\" class=\"wp-image-1197\" srcset=\"https:\/\/www.estudiodelier.es\/blog\/wp-content\/uploads\/2020\/10\/mandalas-delier-oficinas-1.jpg 564w, https:\/\/www.estudiodelier.es\/blog\/wp-content\/uploads\/2020\/10\/mandalas-delier-oficinas-1-300x293.jpg 300w\" sizes=\"(max-width: 564px) 100vw, 564px\" \/><figcaption>cuadro original estudio delier<\/figcaption><\/figure>\n\n\n\n<h3 class=\"wp-block-heading\"><a href=\"https:\/\/www.estudiodelier.es\/tienda\/categorias\/cuadros-por-estilos\/cuadros-coloniales-y-mandalas.html\" target=\"_blank\" rel=\"noreferrer noopener\">D\u00f3nde comprar cuadros mandalas<\/a><\/h3>\n\n\n\n<p><\/p>\n","protected":false},"excerpt":{"rendered":"<p>Una de las apuestas m\u00e1s seguras para la decoraci\u00f3n de tu casa son los cuadros mandala, aportan un ambiente relajado al hogar y concentra todas las miradas de la sala. Comprar cuadros Los cuadros de mandalas han revivido en los \u00faltimos a\u00f1os, siendo la tendencia en decoraci\u00f3n de 2019. \u00bfD\u00f3nde comprar cuadros mandalas de calidad? &hellip; <\/p>\n<p class=\"link-more\"><a href=\"https:\/\/www.estudiodelier.es\/blog\/donde-comprar-cuadros-mandalas\/\" class=\"more-link\">Continuar leyendo<span class=\"screen-reader-text\"> \u00abD\u00f3nde comprar cuadros mandalas\u00bb<\/span><\/a><\/p>\n","protected":false},"author":2,"featured_media":573,"comment_status":"closed","ping_status":"closed","sticky":false,"template":"","format":"standard","meta":{"om_disable_all_campaigns":false},"categories":[80],"tags":[15,81,21,78,79,24],"aioseo_notices":[],"_links":{"self":[{"href":"https:\/\/www.estudiodelier.es\/blog\/wp-json\/wp\/v2\/posts\/572"}],"collection":[{"href":"https:\/\/www.estudiodelier.es\/blog\/wp-json\/wp\/v2\/posts"}],"about":[{"href":"https:\/\/www.estudiodelier.es\/blog\/wp-json\/wp\/v2\/types\/post"}],"author":[{"embeddable":true,"href":"https:\/\/www.estudiodelier.es\/blog\/wp-json\/wp\/v2\/users\/2"}],"replies":[{"embeddable":true,"href":"https:\/\/www.estudiodelier.es\/blog\/wp-json\/wp\/v2\/comments?post=572"}],"version-history":[{"count":4,"href":"https:\/\/www.estudiodelier.es\/blog\/wp-json\/wp\/v2\/posts\/572\/revisions"}],"predecessor-version":[{"id":1230,"href":"https:\/\/www.estudiodelier.es\/blog\/wp-json\/wp\/v2\/posts\/572\/revisions\/1230"}],"wp:featuredmedia":[{"embeddable":true,"href":"https:\/\/www.estudiodelier.es\/blog\/wp-json\/wp\/v2\/media\/573"}],"wp:attachment":[{"href":"https:\/\/www.estudiodelier.es\/blog\/wp-json\/wp\/v2\/media?parent=572"}],"wp:term":[{"taxonomy":"category","embeddable":true,"href":"https:\/\/www.estudiodelier.es\/blog\/wp-json\/wp\/v2\/categories?post=572"},{"taxonomy":"post_tag","embeddable":true,"href":"https:\/\/www.estudiodelier.es\/blog\/wp-json\/wp\/v2\/tags?post=572"}],"curies":[{"name":"wp","href":"https:\/\/api.w.org\/{rel}","templated":true}]}}