{"id":580,"date":"2019-04-25T10:41:10","date_gmt":"2019-04-25T10:41:10","guid":{"rendered":"https:\/\/www.estudiodelier.es\/blog\/?p=580"},"modified":"2019-04-25T10:41:37","modified_gmt":"2019-04-25T10:41:37","slug":"la-mejor-decoracion-artesanal-para-tu-hogar","status":"publish","type":"post","link":"https:\/\/www.estudiodelier.es\/blog\/la-mejor-decoracion-artesanal-para-tu-hogar\/","title":{"rendered":"La mejor decoraci\u00f3n artesanal para tu hogar"},"content":{"rendered":"\n<p>\u00bfEn busca de elementos decorativos artesanales? \u00a1Est\u00e1s en el\nlugar adecuado!<\/p>\n\n\n\n<p>En <a href=\"https:\/\/www.estudiodelier.es\/\">Estudio Delier<\/a> contamos con una <strong>amplia variedad en productos decorativos <\/strong>para la decoraci\u00f3n de tu sal\u00f3n, dormitorio, ba\u00f1o y cocina.<\/p>\n\n\n\n<h2 class=\"wp-block-heading\">Decora tu casa con un estilo propio<\/h2>\n\n\n\n<p>Nuestros <a href=\"https:\/\/www.estudiodelier.es\/tienda\/categorias\/decoracion.html\">productos de decoraci\u00f3n<\/a> son <strong>dise\u00f1ados por expertos<\/strong> y <strong>fabricados a mano en Espa\u00f1a<\/strong>. <\/p>\n\n\n\n<p>Nos encanta disponer de muchos estilos decorativos para que\ntodos los clientes encuentren lo que estaban buscando: estilo zen, estilo\ncl\u00e1sico, estilo moderno, estilo vintage, estilo oriental\u2026<\/p>\n\n\n\n<div class=\"wp-block-image\"><figure class=\"aligncenter\"><img decoding=\"async\" loading=\"lazy\" width=\"700\" height=\"700\" src=\"https:\/\/www.estudiodelier.es\/blog\/wp-content\/uploads\/2019\/04\/muebles-de-television.jpg\" alt=\"comprar decoraci\u00f3n artesanal\" class=\"wp-image-618\" srcset=\"https:\/\/www.estudiodelier.es\/blog\/wp-content\/uploads\/2019\/04\/muebles-de-television.jpg 700w, https:\/\/www.estudiodelier.es\/blog\/wp-content\/uploads\/2019\/04\/muebles-de-television-150x150.jpg 150w, https:\/\/www.estudiodelier.es\/blog\/wp-content\/uploads\/2019\/04\/muebles-de-television-300x300.jpg 300w, https:\/\/www.estudiodelier.es\/blog\/wp-content\/uploads\/2019\/04\/muebles-de-television-100x100.jpg 100w\" sizes=\"(max-width: 700px) 100vw, 700px\" \/><\/figure><\/div>\n\n\n\n<h2 class=\"wp-block-heading\">Compra decoraci\u00f3n en nuestra tienda online o f\u00edsica<\/h2>\n\n\n\n<p>Descubre todos nuestros productos decorativos de calidad, \u00fanicos\ny exclusivos: <a href=\"https:\/\/www.estudiodelier.es\/tienda\/categorias\/decoracion\/decoracion-zen.html\">decoraci\u00f3n zen<\/a>, <a href=\"https:\/\/www.estudiodelier.es\/tienda\/categorias\/decoracion\/esculturas-de-autor.html\">esculturas de autor<\/a> y <a href=\"https:\/\/www.estudiodelier.es\/tienda\/categorias\/decoracion\/objetos-varios.html\">objetos decorativos\nvarios<\/a>.<\/p>\n\n\n\n<div class=\"wp-block-image\"><figure class=\"aligncenter\"><img decoding=\"async\" loading=\"lazy\" width=\"652\" height=\"800\" src=\"https:\/\/www.estudiodelier.es\/blog\/wp-content\/uploads\/2019\/04\/tallas-de-madera-orientales-antiguas-coloniales.jpg\" alt=\"comprar decoraci\u00f3n artesanal\" class=\"wp-image-620\" srcset=\"https:\/\/www.estudiodelier.es\/blog\/wp-content\/uploads\/2019\/04\/tallas-de-madera-orientales-antiguas-coloniales.jpg 652w, https:\/\/www.estudiodelier.es\/blog\/wp-content\/uploads\/2019\/04\/tallas-de-madera-orientales-antiguas-coloniales-245x300.jpg 245w\" sizes=\"(max-width: 652px) 100vw, 652px\" \/><\/figure><\/div>\n\n\n\n<p><a href=\"https:\/\/www.estudiodelier.es\/\">Estudio\nDelier<\/a> es una empresa del sector art\u00edstico con muchos a\u00f1os de\nexperiencia en el dise\u00f1o, fabricaci\u00f3n y venta de <a href=\"https:\/\/www.estudiodelier.es\/tienda\/categorias\/decoracion.html\">productos de\ndecoraci\u00f3n<\/a>, ubicada en Calle Isaac albeniz 69, Toledo. <\/p>\n\n\n\n<p>Todos nuestros productos hechos a mano en Espa\u00f1a.\nPersonalizamos cualquier detalle del producto de decoraci\u00f3n. En nuestra tienda\nonline y f\u00edsica ofrecemos calidad, dise\u00f1o personalizado y una amplia variedad\nen productos de <a href=\"https:\/\/www.estudiodelier.es\/tienda\/categorias\/aromaterapia-zen.html\">aromaterapia<\/a>\n(<a href=\"https:\/\/www.estudiodelier.es\/tienda\/categorias\/aromaterapia-zen\/ambientador-coche-y-armario.html\">ambientador\npara coche y armario<\/a>, <a href=\"https:\/\/www.estudiodelier.es\/tienda\/categorias\/aromaterapia-zen\/candelabros-soportes-.html\">candelabros<\/a>,\n<a href=\"https:\/\/www.estudiodelier.es\/tienda\/categorias\/aromaterapia-zen\/esencias-y-quemadores.html\">esencias y\nquemadores<\/a>, <a href=\"https:\/\/www.estudiodelier.es\/tienda\/categorias\/aromaterapia-zen\/hidrofragancias-difusores.html\">hidrofragancias<\/a>,\n<a href=\"https:\/\/www.estudiodelier.es\/tienda\/categorias\/aromaterapia-zen\/incensarios.html\">incensarios<\/a>,\n<a href=\"https:\/\/www.estudiodelier.es\/tienda\/categorias\/aromaterapia-zen\/incienso-aromatico.html\">incienso\narom\u00e1tico<\/a>, <a href=\"https:\/\/www.estudiodelier.es\/tienda\/categorias\/aromaterapia-zen\/mikado-aromatizador-cana.html\">mikado<\/a>,\n<a href=\"https:\/\/www.estudiodelier.es\/tienda\/categorias\/aromaterapia-zen\/velas-de-soja-vegetales.html\">velas de soja<\/a>\ny <a href=\"https:\/\/www.estudiodelier.es\/tienda\/categorias\/aromaterapia-zen\/velas-parafina-.html\">velas\nparafina<\/a>), <a href=\"file:\/\/ps-9\/Backup%20PINKSTONE%209ago2018%201130h\/COMUN\/COMERCIAL\/Campa\u00f1as%20realizadas\/DELIER%20estudio\/SEO\/decoraci\u00f3n%20zen,%20esculturas%20de%20autor%20y%20objetos%20decorativos%20varios.\">decoraci\u00f3n<\/a>\n(<a href=\"https:\/\/www.estudiodelier.es\/tienda\/categorias\/decoracion\/decoracion-zen.html\">decoraci\u00f3n\nzen<\/a>, <a href=\"https:\/\/www.estudiodelier.es\/tienda\/categorias\/decoracion\/esculturas-de-autor.html\">esculturas de\nautor<\/a> y <a href=\"https:\/\/www.estudiodelier.es\/tienda\/categorias\/decoracion\/objetos-varios.html\">objetos\ndecorativos varios<\/a>), <a href=\"https:\/\/www.estudiodelier.es\/tienda\/categorias\/cuadros-por-estilos.html\">cuadros por\nestilos<\/a> (<a href=\"https:\/\/www.estudiodelier.es\/tienda\/categorias\/cuadros-por-estilos\/arte-contemporaneo.html\">cuadros\nmodernos<\/a>, <a href=\"https:\/\/www.estudiodelier.es\/tienda\/categorias\/cuadros-por-estilos\/cuadros-clasicos-.html\">cuadros\ncl\u00e1sicos<\/a>, <a href=\"https:\/\/www.estudiodelier.es\/tienda\/categorias\/cuadros-por-estilos\/cuadros-coloniales-y-mandalas.html\">cuadros\ncoloniales y mandalas<\/a>, <a href=\"https:\/\/www.estudiodelier.es\/tienda\/categorias\/cuadros-por-estilos\/cuadros-conceptuales.html\">cuadros\nconceptuales<\/a>, <a href=\"https:\/\/www.estudiodelier.es\/tienda\/categorias\/cuadros-por-estilos\/cuadros-zen.html\">cuadros zen<\/a>,\n<a href=\"https:\/\/www.estudiodelier.es\/tienda\/categorias\/cuadros-por-estilos\/de-autor-originales-limitados.html\">cuadros\nlimitados de autor<\/a>, <a href=\"https:\/\/www.estudiodelier.es\/tienda\/categorias\/cuadros-por-estilos\/decorativos-cocina-bano.html\">cuadros\ndecorativos de cocina y ba\u00f1o<\/a>), <a href=\"https:\/\/www.estudiodelier.es\/tienda\/categorias\/jardines-verticales.html\">jardines\nverticales<\/a>, <a href=\"https:\/\/www.estudiodelier.es\/tienda\/categorias\/jardines-verticales\/peceras-terrarios.html\">peceras\nterrarios<\/a>, <a href=\"https:\/\/www.estudiodelier.es\/tienda\/categorias\/jardines-verticales\/huertos-urbanos-.html\">huertos\nurbanos<\/a>, <a href=\"https:\/\/www.estudiodelier.es\/tienda\/categorias\/muebles.html\">muebles de\ndise\u00f1o \u00fanico<\/a> (<a href=\"https:\/\/www.estudiodelier.es\/tienda\/categorias\/muebles\/auxiliares.html\">muebles\nauxiliares<\/a>, <a href=\"https:\/\/www.estudiodelier.es\/tienda\/categorias\/muebles\/cabeceros-mesillas.html\">cabeceros y\nmesillas<\/a>, <a href=\"https:\/\/www.estudiodelier.es\/tienda\/categorias\/muebles\/espejos.html\">espejos<\/a>,\n<a href=\"https:\/\/www.estudiodelier.es\/tienda\/categorias\/muebles\/sillas-mesas.html\">sillas y\nmesas<\/a>). \n\n\u00a1Descubre nuestras grandes <a href=\"https:\/\/www.estudiodelier.es\/tienda\/ofertas.html\">ofertas en productos\ndecorativos<\/a>!\n\n\n\n<\/p>\n\n\n\n<div class=\"wp-block-image\"><figure class=\"aligncenter\"><img decoding=\"async\" loading=\"lazy\" width=\"800\" height=\"753\" src=\"https:\/\/www.estudiodelier.es\/blog\/wp-content\/uploads\/2019\/04\/muebles-para-entradas-salones-coloniales.jpg\" alt=\"comprar decoraci\u00f3n artesanal\" class=\"wp-image-388\" srcset=\"https:\/\/www.estudiodelier.es\/blog\/wp-content\/uploads\/2019\/04\/muebles-para-entradas-salones-coloniales.jpg 800w, https:\/\/www.estudiodelier.es\/blog\/wp-content\/uploads\/2019\/04\/muebles-para-entradas-salones-coloniales-300x282.jpg 300w, https:\/\/www.estudiodelier.es\/blog\/wp-content\/uploads\/2019\/04\/muebles-para-entradas-salones-coloniales-768x723.jpg 768w\" sizes=\"(max-width: 767px) 89vw, (max-width: 1000px) 54vw, (max-width: 1071px) 543px, 580px\" \/><\/figure><\/div>\n","protected":false},"excerpt":{"rendered":"<p>\u00bfEn busca de elementos decorativos artesanales? \u00a1Est\u00e1s en el lugar adecuado! En Estudio Delier contamos con una amplia variedad en productos decorativos para la decoraci\u00f3n de tu sal\u00f3n, dormitorio, ba\u00f1o y cocina. Decora tu casa con un estilo propio Nuestros productos de decoraci\u00f3n son dise\u00f1ados por expertos y fabricados a mano en Espa\u00f1a. Nos encanta &hellip; <\/p>\n<p class=\"link-more\"><a href=\"https:\/\/www.estudiodelier.es\/blog\/la-mejor-decoracion-artesanal-para-tu-hogar\/\" class=\"more-link\">Continuar leyendo<span class=\"screen-reader-text\"> \u00abLa mejor decoraci\u00f3n artesanal para tu hogar\u00bb<\/span><\/a><\/p>\n","protected":false},"author":2,"featured_media":389,"comment_status":"closed","ping_status":"closed","sticky":false,"template":"","format":"standard","meta":{"om_disable_all_campaigns":false},"categories":[3,25,5,1],"tags":[35,15,64,41,49,43,23,19,39,65,71,42,40,57,53,69],"aioseo_notices":[],"_links":{"self":[{"href":"https:\/\/www.estudiodelier.es\/blog\/wp-json\/wp\/v2\/posts\/580"}],"collection":[{"href":"https:\/\/www.estudiodelier.es\/blog\/wp-json\/wp\/v2\/posts"}],"about":[{"href":"https:\/\/www.estudiodelier.es\/blog\/wp-json\/wp\/v2\/types\/post"}],"author":[{"embeddable":true,"href":"https:\/\/www.estudiodelier.es\/blog\/wp-json\/wp\/v2\/users\/2"}],"replies":[{"embeddable":true,"href":"https:\/\/www.estudiodelier.es\/blog\/wp-json\/wp\/v2\/comments?post=580"}],"version-history":[{"count":3,"href":"https:\/\/www.estudiodelier.es\/blog\/wp-json\/wp\/v2\/posts\/580\/revisions"}],"predecessor-version":[{"id":630,"href":"https:\/\/www.estudiodelier.es\/blog\/wp-json\/wp\/v2\/posts\/580\/revisions\/630"}],"wp:featuredmedia":[{"embeddable":true,"href":"https:\/\/www.estudiodelier.es\/blog\/wp-json\/wp\/v2\/media\/389"}],"wp:attachment":[{"href":"https:\/\/www.estudiodelier.es\/blog\/wp-json\/wp\/v2\/media?parent=580"}],"wp:term":[{"taxonomy":"category","embeddable":true,"href":"https:\/\/www.estudiodelier.es\/blog\/wp-json\/wp\/v2\/categories?post=580"},{"taxonomy":"post_tag","embeddable":true,"href":"https:\/\/www.estudiodelier.es\/blog\/wp-json\/wp\/v2\/tags?post=580"}],"curies":[{"name":"wp","href":"https:\/\/api.w.org\/{rel}","templated":true}]}}