{"id":582,"date":"2019-04-25T10:46:52","date_gmt":"2019-04-25T10:46:52","guid":{"rendered":"https:\/\/www.estudiodelier.es\/blog\/?p=582"},"modified":"2019-04-25T10:46:54","modified_gmt":"2019-04-25T10:46:54","slug":"los-mejores-cuadros-de-mandalas","status":"publish","type":"post","link":"https:\/\/www.estudiodelier.es\/blog\/los-mejores-cuadros-de-mandalas\/","title":{"rendered":"Los mejores cuadros de mandalas"},"content":{"rendered":"\n<p>Cuando pensamos en una <strong>nueva decoraci\u00f3n<\/strong> para nuestro hogar, es dif\u00edcil elegir el cuadro perfecto, y m\u00e1s si no tenemos un estilo decorativo establecido.<\/p>\n\n\n\n<p>Desde <a href=\"https:\/\/www.estudiodelier.es\/\">Estudio Delier<\/a> os vamos a facilitar esta decisi\u00f3n ense\u00f1\u00e1ndoos<strong> los mejores cuadros de mandalas<\/strong> que hay en el mercado.<\/p>\n\n\n\n<p>Si quieres crear un <strong>ambiente de meditaci\u00f3n y un estilo oriental<\/strong> a tu hogar, sigue leyendo:<\/p>\n\n\n\n<h2 class=\"wp-block-heading\">Los mejores cuadros mandalas<\/h2>\n\n\n\n<p>Una de las <strong>apuestas m\u00e1s seguras<\/strong> para la <strong>decoraci\u00f3n de tu casa<\/strong> son los cuadros mandala, aportan un ambiente relajado al hogar y concentra todas las miradas de la sala.<\/p>\n\n\n\n<p>En Estudio Delier dise\u00f1amos y fabricamos a manos cuadros mandala con sobre relieve en lienzo, fibras, oleo, estuco o pan de plata. Realizamos nuestros cuadros en Espa\u00f1a, comprar en Estudio Delier es <a href=\"https:\/\/www.estudiodelier.es\/tienda\/categorias\/cuadros-por-estilos.html\">comprar cuadros de calidad artesanal y \u00fanica<\/a>.<\/p>\n\n\n\n<p>Mira estas <strong>ideas de cuadros mandalas originales<\/strong>, creados en nuestro Estudio Delier:<\/p>\n\n\n\n<h3 class=\"wp-block-heading\"><a href=\"https:\/\/www.estudiodelier.es\/tienda\/productos\/rosetones-mandalas-en-oro-o-plata.html\ufeff\">Cuadro mandala en plata<\/a><\/h3>\n\n\n\n<ul class=\"wp-block-gallery aligncenter columns-2 is-cropped wp-block-gallery-1 is-layout-flex\"><li class=\"blocks-gallery-item\"><figure><img decoding=\"async\" loading=\"lazy\" width=\"400\" height=\"507\" src=\"https:\/\/www.estudiodelier.es\/blog\/wp-content\/uploads\/2019\/04\/Los-mejores-cuadros-de-mandalas.jpg\" alt=\"\" data-id=\"583\" class=\"wp-image-583\" srcset=\"https:\/\/www.estudiodelier.es\/blog\/wp-content\/uploads\/2019\/04\/Los-mejores-cuadros-de-mandalas.jpg 400w, https:\/\/www.estudiodelier.es\/blog\/wp-content\/uploads\/2019\/04\/Los-mejores-cuadros-de-mandalas-237x300.jpg 237w\" sizes=\"(max-width: 400px) 100vw, 400px\" \/><\/figure><\/li><li class=\"blocks-gallery-item\"><figure><img decoding=\"async\" loading=\"lazy\" width=\"660\" height=\"700\" src=\"https:\/\/www.estudiodelier.es\/blog\/wp-content\/uploads\/2019\/04\/Los-mejores-cuadros-de-mandalas-2.jpg\" alt=\"\" data-id=\"632\" data-link=\"https:\/\/www.estudiodelier.es\/blog\/?attachment_id=632\" class=\"wp-image-632\" srcset=\"https:\/\/www.estudiodelier.es\/blog\/wp-content\/uploads\/2019\/04\/Los-mejores-cuadros-de-mandalas-2.jpg 660w, https:\/\/www.estudiodelier.es\/blog\/wp-content\/uploads\/2019\/04\/Los-mejores-cuadros-de-mandalas-2-283x300.jpg 283w\" sizes=\"(max-width: 660px) 100vw, 660px\" \/><\/figure><\/li><\/ul>\n\n\n\n<h3 class=\"wp-block-heading\"><a href=\"https:\/\/www.estudiodelier.es\/tienda\/productos\/roseton-vintage-pared.html\ufeff\">Cuadro mandala vintage<\/a><\/h3>\n\n\n\n<ul class=\"wp-block-gallery aligncenter columns-2 is-cropped wp-block-gallery-3 is-layout-flex\"><li class=\"blocks-gallery-item\"><figure><img decoding=\"async\" loading=\"lazy\" width=\"400\" height=\"464\" src=\"https:\/\/www.estudiodelier.es\/blog\/wp-content\/uploads\/2019\/04\/Los-mejores-cuadros-de-mandalas-3.jpg\" alt=\"\" data-id=\"584\" class=\"wp-image-584\" srcset=\"https:\/\/www.estudiodelier.es\/blog\/wp-content\/uploads\/2019\/04\/Los-mejores-cuadros-de-mandalas-3.jpg 400w, https:\/\/www.estudiodelier.es\/blog\/wp-content\/uploads\/2019\/04\/Los-mejores-cuadros-de-mandalas-3-259x300.jpg 259w\" sizes=\"(max-width: 400px) 100vw, 400px\" \/><\/figure><\/li><li class=\"blocks-gallery-item\"><figure><img decoding=\"async\" loading=\"lazy\" width=\"733\" height=\"750\" src=\"https:\/\/www.estudiodelier.es\/blog\/wp-content\/uploads\/2019\/04\/Los-mejores-cuadros-de-mandalas-4.jpg\" alt=\"\" data-id=\"633\" data-link=\"https:\/\/www.estudiodelier.es\/blog\/?attachment_id=633\" class=\"wp-image-633\" srcset=\"https:\/\/www.estudiodelier.es\/blog\/wp-content\/uploads\/2019\/04\/Los-mejores-cuadros-de-mandalas-4.jpg 733w, https:\/\/www.estudiodelier.es\/blog\/wp-content\/uploads\/2019\/04\/Los-mejores-cuadros-de-mandalas-4-293x300.jpg 293w\" sizes=\"(max-width: 733px) 100vw, 733px\" \/><\/figure><\/li><\/ul>\n\n\n\n<h3 class=\"wp-block-heading\"><a href=\"https:\/\/www.estudiodelier.es\/tienda\/productos\/cuadro-talla-roseton-madera.html\ufeff\">Cuadro mandala madera<\/a><\/h3>\n\n\n\n<ul class=\"wp-block-gallery aligncenter columns-2 is-cropped wp-block-gallery-5 is-layout-flex\"><li class=\"blocks-gallery-item\"><figure><img decoding=\"async\" loading=\"lazy\" width=\"400\" height=\"396\" src=\"https:\/\/www.estudiodelier.es\/blog\/wp-content\/uploads\/2019\/04\/Los-mejores-cuadros-de-mandalas-6.jpg\" alt=\"\" data-id=\"585\" class=\"wp-image-585\" srcset=\"https:\/\/www.estudiodelier.es\/blog\/wp-content\/uploads\/2019\/04\/Los-mejores-cuadros-de-mandalas-6.jpg 400w, https:\/\/www.estudiodelier.es\/blog\/wp-content\/uploads\/2019\/04\/Los-mejores-cuadros-de-mandalas-6-150x150.jpg 150w, https:\/\/www.estudiodelier.es\/blog\/wp-content\/uploads\/2019\/04\/Los-mejores-cuadros-de-mandalas-6-300x297.jpg 300w, https:\/\/www.estudiodelier.es\/blog\/wp-content\/uploads\/2019\/04\/Los-mejores-cuadros-de-mandalas-6-100x100.jpg 100w\" sizes=\"(max-width: 400px) 100vw, 400px\" \/><\/figure><\/li><li class=\"blocks-gallery-item\"><figure><img decoding=\"async\" loading=\"lazy\" width=\"753\" height=\"750\" src=\"https:\/\/www.estudiodelier.es\/blog\/wp-content\/uploads\/2019\/04\/Los-mejores-cuadros-de-mandalas-5.jpg\" alt=\"\" data-id=\"634\" data-link=\"https:\/\/www.estudiodelier.es\/blog\/?attachment_id=634\" class=\"wp-image-634\" srcset=\"https:\/\/www.estudiodelier.es\/blog\/wp-content\/uploads\/2019\/04\/Los-mejores-cuadros-de-mandalas-5.jpg 753w, https:\/\/www.estudiodelier.es\/blog\/wp-content\/uploads\/2019\/04\/Los-mejores-cuadros-de-mandalas-5-150x150.jpg 150w, https:\/\/www.estudiodelier.es\/blog\/wp-content\/uploads\/2019\/04\/Los-mejores-cuadros-de-mandalas-5-300x300.jpg 300w, https:\/\/www.estudiodelier.es\/blog\/wp-content\/uploads\/2019\/04\/Los-mejores-cuadros-de-mandalas-5-100x100.jpg 100w\" sizes=\"(max-width: 706px) 89vw, (max-width: 767px) 82vw, 740px\" \/><\/figure><\/li><\/ul>\n\n\n\n<h3 class=\"wp-block-heading\"><a href=\"https:\/\/www.estudiodelier.es\/tienda\/productos\/cuadro-mandala-yoga-80x80.html\ufeff\">Cuadro mandala oriental<\/a><\/h3>\n\n\n\n<ul class=\"wp-block-gallery aligncenter columns-2 is-cropped wp-block-gallery-7 is-layout-flex\"><li class=\"blocks-gallery-item\"><figure><img decoding=\"async\" loading=\"lazy\" width=\"400\" height=\"351\" src=\"https:\/\/www.estudiodelier.es\/blog\/wp-content\/uploads\/2019\/04\/Los-mejores-cuadros-de-mandalas-7.jpg\" alt=\"\" data-id=\"586\" class=\"wp-image-586\" srcset=\"https:\/\/www.estudiodelier.es\/blog\/wp-content\/uploads\/2019\/04\/Los-mejores-cuadros-de-mandalas-7.jpg 400w, https:\/\/www.estudiodelier.es\/blog\/wp-content\/uploads\/2019\/04\/Los-mejores-cuadros-de-mandalas-7-300x263.jpg 300w\" sizes=\"(max-width: 400px) 100vw, 400px\" \/><\/figure><\/li><li class=\"blocks-gallery-item\"><figure><img decoding=\"async\" loading=\"lazy\" width=\"700\" height=\"699\" src=\"https:\/\/www.estudiodelier.es\/blog\/wp-content\/uploads\/2019\/04\/Los-mejores-cuadros-de-mandalas-8.jpg\" alt=\"\" data-id=\"635\" data-link=\"https:\/\/www.estudiodelier.es\/blog\/?attachment_id=635\" class=\"wp-image-635\" srcset=\"https:\/\/www.estudiodelier.es\/blog\/wp-content\/uploads\/2019\/04\/Los-mejores-cuadros-de-mandalas-8.jpg 700w, https:\/\/www.estudiodelier.es\/blog\/wp-content\/uploads\/2019\/04\/Los-mejores-cuadros-de-mandalas-8-150x150.jpg 150w, https:\/\/www.estudiodelier.es\/blog\/wp-content\/uploads\/2019\/04\/Los-mejores-cuadros-de-mandalas-8-300x300.jpg 300w, https:\/\/www.estudiodelier.es\/blog\/wp-content\/uploads\/2019\/04\/Los-mejores-cuadros-de-mandalas-8-100x100.jpg 100w\" sizes=\"(max-width: 700px) 100vw, 700px\" \/><\/figure><\/li><\/ul>\n\n\n\n<h3 class=\"wp-block-heading\"><a href=\"http:\/\/\ufeffhttps:\/\/www.estudiodelier.es\/tienda\/productos\/cuadro-mandala-bombay-80x80.html\">Cuadro mandala negro y plata<\/a><\/h3>\n\n\n\n<ul class=\"wp-block-gallery aligncenter columns-2 is-cropped wp-block-gallery-9 is-layout-flex\"><li class=\"blocks-gallery-item\"><figure><img decoding=\"async\" loading=\"lazy\" width=\"400\" height=\"364\" src=\"https:\/\/www.estudiodelier.es\/blog\/wp-content\/uploads\/2019\/04\/Los-mejores-cuadros-de-mandalas-10-1.jpg\" alt=\"\" data-id=\"588\" class=\"wp-image-588\" srcset=\"https:\/\/www.estudiodelier.es\/blog\/wp-content\/uploads\/2019\/04\/Los-mejores-cuadros-de-mandalas-10-1.jpg 400w, https:\/\/www.estudiodelier.es\/blog\/wp-content\/uploads\/2019\/04\/Los-mejores-cuadros-de-mandalas-10-1-300x273.jpg 300w\" sizes=\"(max-width: 400px) 100vw, 400px\" \/><\/figure><\/li><li class=\"blocks-gallery-item\"><figure><img decoding=\"async\" loading=\"lazy\" width=\"533\" height=\"700\" src=\"https:\/\/www.estudiodelier.es\/blog\/wp-content\/uploads\/2019\/04\/Los-mejores-cuadros-de-mandalas-9.jpg\" alt=\"\" data-id=\"636\" data-link=\"https:\/\/www.estudiodelier.es\/blog\/?attachment_id=636\" class=\"wp-image-636\" srcset=\"https:\/\/www.estudiodelier.es\/blog\/wp-content\/uploads\/2019\/04\/Los-mejores-cuadros-de-mandalas-9.jpg 533w, https:\/\/www.estudiodelier.es\/blog\/wp-content\/uploads\/2019\/04\/Los-mejores-cuadros-de-mandalas-9-228x300.jpg 228w\" sizes=\"(max-width: 533px) 100vw, 533px\" \/><\/figure><\/li><\/ul>\n\n\n\n<p>Sea cual sea el estilo con el que te identificas los cuadros mandala son una apuesta segura y muy moderna. Hay m\u00e1s modelos en nuestra <a href=\"https:\/\/www.estudiodelier.es\/tienda\/categorias\/cuadros-por-estilos.html\">tienda online de cuadros<\/a> \u00a1Echa un vistazo! <\/p>\n","protected":false},"excerpt":{"rendered":"<p>Cuando pensamos en una nueva decoraci\u00f3n para nuestro hogar, es dif\u00edcil elegir el cuadro perfecto, y m\u00e1s si no tenemos un estilo decorativo establecido. Desde Estudio Delier os vamos a facilitar esta decisi\u00f3n ense\u00f1\u00e1ndoos los mejores cuadros de mandalas que hay en el mercado. Si quieres crear un ambiente de meditaci\u00f3n y un estilo oriental &hellip; <\/p>\n<p class=\"link-more\"><a href=\"https:\/\/www.estudiodelier.es\/blog\/los-mejores-cuadros-de-mandalas\/\" class=\"more-link\">Continuar leyendo<span class=\"screen-reader-text\"> \u00abLos mejores cuadros de mandalas\u00bb<\/span><\/a><\/p>\n","protected":false},"author":2,"featured_media":624,"comment_status":"closed","ping_status":"closed","sticky":false,"template":"","format":"standard","meta":{"om_disable_all_campaigns":false},"categories":[80],"tags":[81,21,78,79,24,53,61,63],"aioseo_notices":[],"_links":{"self":[{"href":"https:\/\/www.estudiodelier.es\/blog\/wp-json\/wp\/v2\/posts\/582"}],"collection":[{"href":"https:\/\/www.estudiodelier.es\/blog\/wp-json\/wp\/v2\/posts"}],"about":[{"href":"https:\/\/www.estudiodelier.es\/blog\/wp-json\/wp\/v2\/types\/post"}],"author":[{"embeddable":true,"href":"https:\/\/www.estudiodelier.es\/blog\/wp-json\/wp\/v2\/users\/2"}],"replies":[{"embeddable":true,"href":"https:\/\/www.estudiodelier.es\/blog\/wp-json\/wp\/v2\/comments?post=582"}],"version-history":[{"count":2,"href":"https:\/\/www.estudiodelier.es\/blog\/wp-json\/wp\/v2\/posts\/582\/revisions"}],"predecessor-version":[{"id":637,"href":"https:\/\/www.estudiodelier.es\/blog\/wp-json\/wp\/v2\/posts\/582\/revisions\/637"}],"wp:featuredmedia":[{"embeddable":true,"href":"https:\/\/www.estudiodelier.es\/blog\/wp-json\/wp\/v2\/media\/624"}],"wp:attachment":[{"href":"https:\/\/www.estudiodelier.es\/blog\/wp-json\/wp\/v2\/media?parent=582"}],"wp:term":[{"taxonomy":"category","embeddable":true,"href":"https:\/\/www.estudiodelier.es\/blog\/wp-json\/wp\/v2\/categories?post=582"},{"taxonomy":"post_tag","embeddable":true,"href":"https:\/\/www.estudiodelier.es\/blog\/wp-json\/wp\/v2\/tags?post=582"}],"curies":[{"name":"wp","href":"https:\/\/api.w.org\/{rel}","templated":true}]}}