{"id":590,"date":"2019-04-25T10:54:31","date_gmt":"2019-04-25T10:54:31","guid":{"rendered":"https:\/\/www.estudiodelier.es\/blog\/?p=590"},"modified":"2019-04-25T10:54:48","modified_gmt":"2019-04-25T10:54:48","slug":"velas-aromaticas-originales","status":"publish","type":"post","link":"https:\/\/www.estudiodelier.es\/blog\/velas-aromaticas-originales\/","title":{"rendered":"Velas arom\u00e1ticas originales"},"content":{"rendered":"\n<p>En <a href=\"https:\/\/www.estudiodelier.es\/tienda\/categorias\/aromaterapia-zen.html\">Estudio Delier<\/a> fabricamos <strong>velas originales<\/strong>, no solo para aportar un aromar distinto, sino tambi\u00e9n para decorar tu hogar.<\/p>\n\n\n\n<p>A continuaci\u00f3n te ense\u00f1amos nuestras velas m\u00e1s originales.\nSi quieres descubrir m\u00e1s entra en nuestra <a href=\"https:\/\/www.estudiodelier.es\/tienda\/categorias\/aromaterapia-zen.html\">tienda\nonline de aromaterapia<\/a>.<\/p>\n\n\n\n<h2 class=\"wp-block-heading\"><a href=\"https:\/\/www.estudiodelier.es\/tienda\/productos\/vela-cup-cakes-caja-mensajes.html\ufeff\">Velas Cupcake<\/a><\/h2>\n\n\n\n<p>Ilumina tu hogar con estas <strong>velas vegetales <\/strong>con forma de Cupcake. Con una amplia variedad en aromas intensos: fresa, vainilla, frutos rojos\u2026 Producto fabricado en Espa\u00f1a por Estudio Delier.<\/p>\n\n\n\n<p>Adem\u00e1s, se presentan con mensajes positivos llenos de amor y\noriginalidad perfectos para regalar, \u00a1podemos personalizar el mensaje si nos lo\npides!<\/p>\n\n\n\n<div class=\"wp-block-image\"><figure class=\"aligncenter\"><a href=\"https:\/\/www.estudiodelier.es\/tienda\/productos\/vela-cup-cakes-caja-mensajes.html\ufeff\" target=\"_blank\" rel=\"noreferrer noopener\"><img decoding=\"async\" loading=\"lazy\" width=\"400\" height=\"344\" src=\"https:\/\/www.estudiodelier.es\/blog\/wp-content\/uploads\/2019\/04\/velas.jpg\" alt=\"velas cupcake\" class=\"wp-image-591\" srcset=\"https:\/\/www.estudiodelier.es\/blog\/wp-content\/uploads\/2019\/04\/velas.jpg 400w, https:\/\/www.estudiodelier.es\/blog\/wp-content\/uploads\/2019\/04\/velas-300x258.jpg 300w\" sizes=\"(max-width: 400px) 100vw, 400px\" \/><\/a><\/figure><\/div>\n\n\n\n<h2 class=\"wp-block-heading\"><a href=\"https:\/\/www.estudiodelier.es\/tienda\/productos\/velas-cafe,-saco-de-6-unidades.html\">Velas caf\u00e9<\/a><\/h2>\n\n\n\n<p>Velas vegetales en forma de originales granos de caf\u00e9, \u00a1con\nolor intenso a caf\u00e9 tostado!<\/p>\n\n\n\n<div class=\"wp-block-image\"><figure class=\"aligncenter\"><a href=\"https:\/\/www.estudiodelier.es\/tienda\/productos\/velas-cafe,-saco-de-6-unidades.html\" target=\"_blank\" rel=\"noreferrer noopener\"><img decoding=\"async\" loading=\"lazy\" width=\"400\" height=\"308\" src=\"https:\/\/www.estudiodelier.es\/blog\/wp-content\/uploads\/2019\/04\/velas-cafe.jpg\" alt=\"velas caf\u00e9\" class=\"wp-image-592\" srcset=\"https:\/\/www.estudiodelier.es\/blog\/wp-content\/uploads\/2019\/04\/velas-cafe.jpg 400w, https:\/\/www.estudiodelier.es\/blog\/wp-content\/uploads\/2019\/04\/velas-cafe-300x231.jpg 300w\" sizes=\"(max-width: 400px) 100vw, 400px\" \/><\/a><\/figure><\/div>\n\n\n\n<h2 class=\"wp-block-heading\">Velas fruta<\/h2>\n\n\n\n<p>Originales velas en cajas con mensajes positivos de est\u00edmulo y \u00e1nimo. Disponemos de velas con forma y olor de <a href=\"https:\/\/www.estudiodelier.es\/tienda\/productos\/velas-fresas-caja-con-mensajes-.html\ufeff\">fresas<\/a>, velas con forma y olor a<a href=\"https:\/\/www.estudiodelier.es\/tienda\/productos\/velas-de-limon-caja-con-mensajes-.html\"> lim\u00f3n<\/a>, velas con forma y olor a <a href=\"https:\/\/www.estudiodelier.es\/tienda\/productos\/vela-naranjas-caja-con-mensajes.html\ufeff\">naranja<\/a> y velas con forma y olor a <a href=\"https:\/\/www.estudiodelier.es\/tienda\/productos\/velas-manzanas-caja-con-mensajes.html\ufeff\">manzana<\/a>. <\/p>\n\n\n\n<p>Realizadas en cera vegetal y esencia natural, las velas\nvegetales no contaminan y no son cancer\u00edgenas como las de parafina.<\/p>\n\n\n\n<div class=\"wp-block-image\"><figure class=\"aligncenter\"><a href=\"https:\/\/www.estudiodelier.es\/tienda\/productos\/velas-fresas-caja-con-mensajes-.html\ufeff\" target=\"_blank\" rel=\"noreferrer noopener\"><img decoding=\"async\" loading=\"lazy\" width=\"400\" height=\"245\" src=\"https:\/\/www.estudiodelier.es\/blog\/wp-content\/uploads\/2019\/04\/velas-fresa.jpg\" alt=\"velas frutas\" class=\"wp-image-593\" srcset=\"https:\/\/www.estudiodelier.es\/blog\/wp-content\/uploads\/2019\/04\/velas-fresa.jpg 400w, https:\/\/www.estudiodelier.es\/blog\/wp-content\/uploads\/2019\/04\/velas-fresa-300x184.jpg 300w\" sizes=\"(max-width: 400px) 100vw, 400px\" \/><\/a><\/figure><\/div>\n\n\n\n<h2 class=\"wp-block-heading\"><a href=\"https:\/\/www.estudiodelier.es\/tienda\/productos\/vela-bombonera.html\">Velas bombones<\/a><\/h2>\n\n\n\n<p>Velas con forma de bombones en cera de palma con aroma a\nvainilla, caf\u00e9, chocolate, menta&#8230; \u00a1decora y ambienta tu hogar con estas perfectas\nvelas! <\/p>\n\n\n\n<div class=\"wp-block-image\"><figure class=\"aligncenter\"><a href=\"https:\/\/www.estudiodelier.es\/tienda\/productos\/vela-bombonera.html\" target=\"_blank\" rel=\"noreferrer noopener\"><img decoding=\"async\" loading=\"lazy\" width=\"400\" height=\"293\" src=\"https:\/\/www.estudiodelier.es\/blog\/wp-content\/uploads\/2019\/04\/vela-bombonera.jpg\" alt=\"velas bombones\" class=\"wp-image-594\" srcset=\"https:\/\/www.estudiodelier.es\/blog\/wp-content\/uploads\/2019\/04\/vela-bombonera.jpg 400w, https:\/\/www.estudiodelier.es\/blog\/wp-content\/uploads\/2019\/04\/vela-bombonera-300x220.jpg 300w\" sizes=\"(max-width: 400px) 100vw, 400px\" \/><\/a><\/figure><\/div>\n\n\n\n<h2 class=\"wp-block-heading\"><a href=\"https:\/\/www.estudiodelier.es\/tienda\/productos\/vela-vegetal-rosa-lavanda.html\ufeff\">Velas flores<\/a><\/h2>\n\n\n\n<p>Velas aromaticas y ecol\u00f3gicas con forma de rosa realizadas\nuna a una de forma artesanal, \u00a1perfecta para decorar e iluminar tus momentos m\u00e1s\nespeciales! <\/p>\n\n\n\n<p>Hasta 40 horas de llama, vela fabricada en Espa\u00f1a by Delier\nparfums original.<\/p>\n\n\n\n<div class=\"wp-block-image\"><figure class=\"aligncenter\"><a href=\"https:\/\/www.estudiodelier.es\/tienda\/productos\/vela-vegetal-rosa-lavanda.html\ufeff\" target=\"_blank\" rel=\"noreferrer noopener\"><img decoding=\"async\" loading=\"lazy\" width=\"400\" height=\"292\" src=\"https:\/\/www.estudiodelier.es\/blog\/wp-content\/uploads\/2019\/04\/velas-rosas.jpg\" alt=\"velas flores\" class=\"wp-image-595\" srcset=\"https:\/\/www.estudiodelier.es\/blog\/wp-content\/uploads\/2019\/04\/velas-rosas.jpg 400w, https:\/\/www.estudiodelier.es\/blog\/wp-content\/uploads\/2019\/04\/velas-rosas-300x219.jpg 300w\" sizes=\"(max-width: 400px) 100vw, 400px\" \/><\/a><\/figure><\/div>\n\n\n\n<p>En nuestra <a href=\"https:\/\/www.estudiodelier.es\/tienda\/categorias\/aromaterapia-zen.html\">tienda online de decoraci\u00f3n<\/a> encontrar\u00e1s todos nuestros <a href=\"https:\/\/www.estudiodelier.es\/tienda\/categorias\/aromaterapia-zen.html\">productos de aromaterapia<\/a>. Puedes comprar ambientadores y aromas naturales en Estudio Delier, nos encontramos en Talavera de la Reina, Toledo, Espa\u00f1a. <\/p>\n","protected":false},"excerpt":{"rendered":"<p>En Estudio Delier fabricamos velas originales, no solo para aportar un aromar distinto, sino tambi\u00e9n para decorar tu hogar. A continuaci\u00f3n te ense\u00f1amos nuestras velas m\u00e1s originales. Si quieres descubrir m\u00e1s entra en nuestra tienda online de aromaterapia. Velas Cupcake Ilumina tu hogar con estas velas vegetales con forma de Cupcake. Con una amplia variedad &hellip; <\/p>\n<p class=\"link-more\"><a href=\"https:\/\/www.estudiodelier.es\/blog\/velas-aromaticas-originales\/\" class=\"more-link\">Continuar leyendo<span class=\"screen-reader-text\"> \u00abVelas arom\u00e1ticas originales\u00bb<\/span><\/a><\/p>\n","protected":false},"author":2,"featured_media":596,"comment_status":"closed","ping_status":"closed","sticky":false,"template":"","format":"standard","meta":{"om_disable_all_campaigns":false},"categories":[2],"tags":[82,28],"aioseo_notices":[],"_links":{"self":[{"href":"https:\/\/www.estudiodelier.es\/blog\/wp-json\/wp\/v2\/posts\/590"}],"collection":[{"href":"https:\/\/www.estudiodelier.es\/blog\/wp-json\/wp\/v2\/posts"}],"about":[{"href":"https:\/\/www.estudiodelier.es\/blog\/wp-json\/wp\/v2\/types\/post"}],"author":[{"embeddable":true,"href":"https:\/\/www.estudiodelier.es\/blog\/wp-json\/wp\/v2\/users\/2"}],"replies":[{"embeddable":true,"href":"https:\/\/www.estudiodelier.es\/blog\/wp-json\/wp\/v2\/comments?post=590"}],"version-history":[{"count":2,"href":"https:\/\/www.estudiodelier.es\/blog\/wp-json\/wp\/v2\/posts\/590\/revisions"}],"predecessor-version":[{"id":638,"href":"https:\/\/www.estudiodelier.es\/blog\/wp-json\/wp\/v2\/posts\/590\/revisions\/638"}],"wp:featuredmedia":[{"embeddable":true,"href":"https:\/\/www.estudiodelier.es\/blog\/wp-json\/wp\/v2\/media\/596"}],"wp:attachment":[{"href":"https:\/\/www.estudiodelier.es\/blog\/wp-json\/wp\/v2\/media?parent=590"}],"wp:term":[{"taxonomy":"category","embeddable":true,"href":"https:\/\/www.estudiodelier.es\/blog\/wp-json\/wp\/v2\/categories?post=590"},{"taxonomy":"post_tag","embeddable":true,"href":"https:\/\/www.estudiodelier.es\/blog\/wp-json\/wp\/v2\/tags?post=590"}],"curies":[{"name":"wp","href":"https:\/\/api.w.org\/{rel}","templated":true}]}}