{"id":697,"date":"2019-07-12T18:37:30","date_gmt":"2019-07-12T18:37:30","guid":{"rendered":"https:\/\/www.estudiodelier.es\/blog\/?p=697"},"modified":"2019-07-29T15:31:19","modified_gmt":"2019-07-29T15:31:19","slug":"cabeceros-de-cama-arabe-colonial","status":"publish","type":"post","link":"https:\/\/www.estudiodelier.es\/blog\/cabeceros-de-cama-arabe-colonial\/","title":{"rendered":"Cabeceros de cama \u00e1rabe colonial"},"content":{"rendered":"\n<p><strong>Cabeceros de cama<\/strong> \u00e1rabes, colonial. el complemento perfecto para tu dormitorio<\/p>\n\n\n\n<p> Si est\u00e1s buscando un <strong>cabeceros de cama<\/strong> especial, rom\u00e1ntico, con personalidad&#8230;..<\/p>\n\n\n\n<h2 class=\"wp-block-heading\">Mira nuestros \u00faltimos cabeceros de cama \u00e1rabes,  cabezales con mucha personalidad para crear una atmosfera unica, exotica, rom\u00e1ntica y con mucha personalidad. mira este conjunto creado Por Delier, de forma artesanal.<\/h2>\n\n\n\n<div class=\"wp-block-image\"><figure class=\"aligncenter is-resized\"><img decoding=\"async\" loading=\"lazy\" src=\"https:\/\/www.estudiodelier.es\/blog\/wp-content\/uploads\/2019\/07\/tiendas-de-cabeceros-bonitos.jpg\" alt=\"cabeceros de estilo \u00e1rabe plateados\" class=\"wp-image-698\" width=\"564\" height=\"600\" srcset=\"https:\/\/www.estudiodelier.es\/blog\/wp-content\/uploads\/2019\/07\/tiendas-de-cabeceros-bonitos.jpg 752w, https:\/\/www.estudiodelier.es\/blog\/wp-content\/uploads\/2019\/07\/tiendas-de-cabeceros-bonitos-282x300.jpg 282w\" sizes=\"(max-width: 564px) 100vw, 564px\" \/><figcaption>cabecero original de estudiodelier.es creado por peque\u00f1os mandalas.<\/figcaption><\/figure><\/div>\n\n\n\n<p style=\"background-color:#2c40be;color:#fcf3f3;text-align:center\" class=\"has-text-color has-background has-large-font-size\">&gt;&gt;<a rel=\"noreferrer noopener\" aria-label=\"TE GUSTA? miralo en tienda (abre en una nueva pesta\u00f1a)\" style=\"font-weight: bold;\" href=\"https:\/\/www.estudiodelier.es\/tienda\/categorias\/muebles\/cabeceros-mesillas.html\" target=\"_blank\">TE GUSTA?. miralo en tienda<\/a>&lt;&lt;<\/p>\n\n\n\n<p style=\"color:#aa1491\" class=\"has-text-color\"><strong>El sue\u00f1o de las mil y una noches, Perfecto cabecero de cama para decoraciones de estilo \u00c1rabe, Marroqu\u00ed, Indias, ex\u00f3ticas, orientales incluso cl\u00e1sicos modernos.<\/strong><\/p>\n\n\n\n<p> Este cabecero ser\u00e1 la estrella del dormitorio, s\u00f3lo \u00e9l es capaz de decorar sin necesidad de colocar m\u00e1s objetos. hoteles, dormitorios, casas&#8230;..<\/p>\n\n\n\n<div class=\"wp-block-image\"><figure class=\"aligncenter\"><img decoding=\"async\" loading=\"lazy\" width=\"800\" height=\"538\" src=\"https:\/\/www.estudiodelier.es\/blog\/wp-content\/uploads\/2019\/07\/cabeceros-estilo-arabe.jpg\" alt=\"cabeceros \u00e1rabes mandalas\" class=\"wp-image-707\" srcset=\"https:\/\/www.estudiodelier.es\/blog\/wp-content\/uploads\/2019\/07\/cabeceros-estilo-arabe.jpg 800w, https:\/\/www.estudiodelier.es\/blog\/wp-content\/uploads\/2019\/07\/cabeceros-estilo-arabe-300x202.jpg 300w, https:\/\/www.estudiodelier.es\/blog\/wp-content\/uploads\/2019\/07\/cabeceros-estilo-arabe-768x516.jpg 768w\" sizes=\"(max-width: 767px) 89vw, (max-width: 1000px) 54vw, (max-width: 1071px) 543px, 580px\" \/><figcaption>cambia el color  de la pared o ropa de cama y el estilo cambia tambi\u00e9n, de cl\u00e1sico a oriental, de r\u00fastico a \u00c1rabe, indio, Marroqu\u00ed&#8230;&#8230;<\/figcaption><\/figure><\/div>\n\n\n\n<p>Estos preciosos cabeceros de cama \u00e1rabes, coloniales, tienen un dise\u00f1o original. Trabajado a mano por delier, destaca por los plafones mandalas en relieve y decorados en pan de plata, efecto viejo, el fondo es en blanco, para un cabecero grande se necesitan dos plafones. <\/p>\n\n\n\n<figure class=\"wp-block-image\"><img alt=\"\"\/><\/figure> <iframe loading=\"lazy\" width=\"460\" height=\"290\" src=\"https:\/\/www.youtube.com\/embed\/PMxbTfXzz0U\" frameborder=\"0\" allow=\"accelerometer; autoplay; encrypted-media; gyroscope; picture-in-picture\" allowfullscreen><\/iframe>\n\n\n\n<h3 class=\"wp-block-heading\" style=\"text-align:center\"><strong>Cada panel mide 160x80cm al poner dos, el cabecero se transforma un espectacular panel de 160x160cm.<\/strong><\/h3>\n\n\n\n<div class=\"wp-block-media-text alignwide\"><figure class=\"wp-block-media-text__media\"><img decoding=\"async\" loading=\"lazy\" width=\"768\" height=\"1024\" src=\"https:\/\/www.estudiodelier.es\/blog\/wp-content\/uploads\/2019\/07\/tallas-plateadas-decoracion-768x1024.jpg\" alt=\"panel plateado de cabecero arabe decoracion\" class=\"wp-image-729\"\/><\/figure><div class=\"wp-block-media-text__content\">\n<p style=\"font-size:32px\">Piezas \u00fanicas con identidad. Obra original, trabajo artesano por maestros de la artesan\u00eda y el buen hacer. <\/p>\n<\/div><\/div>\n\n\n\n<p>tambi\u00e9n puedes colocar solo un panel, el resultado es un cabecero est\u00e1ndar, tambi\u00e9n queda muy bien, siempre depende del gusto y sobre todo de la altura y dimensiones del dormitorio.<\/p>\n\n\n\n<ul class=\"wp-block-gallery columns-2 is-cropped wp-block-gallery-1 is-layout-flex\"><li class=\"blocks-gallery-item\"><figure><img decoding=\"async\" loading=\"lazy\" width=\"796\" height=\"1024\" src=\"https:\/\/www.estudiodelier.es\/blog\/wp-content\/uploads\/2019\/07\/cabecero-bhaktapur-simple-1-796x1024.jpg\" alt=\"cabecero de estilo arabe\" data-id=\"702\" data-link=\"https:\/\/www.estudiodelier.es\/blog\/?attachment_id=702\" class=\"wp-image-702\" srcset=\"https:\/\/www.estudiodelier.es\/blog\/wp-content\/uploads\/2019\/07\/cabecero-bhaktapur-simple-1-796x1024.jpg 796w, https:\/\/www.estudiodelier.es\/blog\/wp-content\/uploads\/2019\/07\/cabecero-bhaktapur-simple-1-233x300.jpg 233w, https:\/\/www.estudiodelier.es\/blog\/wp-content\/uploads\/2019\/07\/cabecero-bhaktapur-simple-1-768x989.jpg 768w, https:\/\/www.estudiodelier.es\/blog\/wp-content\/uploads\/2019\/07\/cabecero-bhaktapur-simple-1.jpg 961w\" sizes=\"(max-width: 767px) 89vw, (max-width: 1000px) 54vw, (max-width: 1071px) 543px, 580px\" \/><figcaption>cabecero mandala oriental  peque\u00f1o<\/figcaption><\/figure><\/li><li class=\"blocks-gallery-item\"><figure><img decoding=\"async\" loading=\"lazy\" width=\"768\" height=\"1024\" src=\"https:\/\/www.estudiodelier.es\/blog\/wp-content\/uploads\/2019\/07\/8685203a-42b9-4ba0-a5d2-b8d593c7d438-768x1024.jpg\" alt=\"mesita de noche estilo clasico\" data-id=\"701\" data-link=\"https:\/\/www.estudiodelier.es\/blog\/?attachment_id=701\" class=\"wp-image-701\" srcset=\"https:\/\/www.estudiodelier.es\/blog\/wp-content\/uploads\/2019\/07\/8685203a-42b9-4ba0-a5d2-b8d593c7d438-768x1024.jpg 768w, https:\/\/www.estudiodelier.es\/blog\/wp-content\/uploads\/2019\/07\/8685203a-42b9-4ba0-a5d2-b8d593c7d438-225x300.jpg 225w, https:\/\/www.estudiodelier.es\/blog\/wp-content\/uploads\/2019\/07\/8685203a-42b9-4ba0-a5d2-b8d593c7d438.jpg 1200w\" sizes=\"(max-width: 767px) 89vw, (max-width: 1000px) 54vw, (max-width: 1071px) 543px, 580px\" \/><figcaption>mesitas de noche con cajones<\/figcaption><\/figure><\/li><\/ul>\n\n\n\n<p style=\"color:#080707;font-size:30px;text-align:center\" class=\"has-text-color has-background has-pale-pink-background-color\">Tambi\u00e9n disponible en <a href=\"https:\/\/www.estudiodelier.es\/tienda\/productos\/cabecero-cama-150-jaipur-peq.html\">cabecero peque\u00f1o y mesita con relieves en los cajones,<\/a><strong><a href=\"https:\/\/www.estudiodelier.es\/tienda\/productos\/cabecero-cama-150-jaipur-peq.html\"> MIRALO EN LA WEB <\/a><\/strong><\/p>\n\n\n\n<ul class=\"wp-block-gallery columns-2 is-cropped wp-block-gallery-3 is-layout-flex\"><li class=\"blocks-gallery-item\"><figure><img decoding=\"async\" loading=\"lazy\" width=\"962\" height=\"1024\" src=\"https:\/\/www.estudiodelier.es\/blog\/wp-content\/uploads\/2019\/07\/Sin-t\u00edtulo-713r-962x1024.jpg\" alt=\"cabeceros mandalas\" data-id=\"714\" data-link=\"https:\/\/www.estudiodelier.es\/blog\/?attachment_id=714\" class=\"wp-image-714\" srcset=\"https:\/\/www.estudiodelier.es\/blog\/wp-content\/uploads\/2019\/07\/Sin-t\u00edtulo-713r-962x1024.jpg 962w, https:\/\/www.estudiodelier.es\/blog\/wp-content\/uploads\/2019\/07\/Sin-t\u00edtulo-713r-282x300.jpg 282w, https:\/\/www.estudiodelier.es\/blog\/wp-content\/uploads\/2019\/07\/Sin-t\u00edtulo-713r-768x817.jpg 768w, https:\/\/www.estudiodelier.es\/blog\/wp-content\/uploads\/2019\/07\/Sin-t\u00edtulo-713r.jpg 1056w\" sizes=\"(max-width: 767px) 89vw, (max-width: 1000px) 54vw, (max-width: 1071px) 543px, 580px\" \/><figcaption>cabezal de cama sue\u00f1os de india<\/figcaption><\/figure><\/li><li class=\"blocks-gallery-item\"><figure><img decoding=\"async\" loading=\"lazy\" width=\"396\" height=\"452\" src=\"https:\/\/www.estudiodelier.es\/blog\/wp-content\/uploads\/2019\/07\/cabecero-bhaktapur-simple.jpg\" alt=\"cabecero estilo india\" data-id=\"712\" data-link=\"https:\/\/www.estudiodelier.es\/blog\/?attachment_id=712\" class=\"wp-image-712\" srcset=\"https:\/\/www.estudiodelier.es\/blog\/wp-content\/uploads\/2019\/07\/cabecero-bhaktapur-simple.jpg 396w, https:\/\/www.estudiodelier.es\/blog\/wp-content\/uploads\/2019\/07\/cabecero-bhaktapur-simple-263x300.jpg 263w\" sizes=\"(max-width: 396px) 100vw, 396px\" \/><figcaption>al mas puro estilo rom\u00e1ntico plateado<\/figcaption><\/figure><\/li><li class=\"blocks-gallery-item\"><figure><img decoding=\"async\" loading=\"lazy\" width=\"1024\" height=\"768\" src=\"https:\/\/www.estudiodelier.es\/blog\/wp-content\/uploads\/2019\/07\/98c4599f-ce71-4dae-b61f-9e2e6768e2d0-1024x768.jpg\" alt=\"cabeceros estilo arabe\" data-id=\"711\" data-link=\"https:\/\/www.estudiodelier.es\/blog\/?attachment_id=711\" class=\"wp-image-711\" srcset=\"https:\/\/www.estudiodelier.es\/blog\/wp-content\/uploads\/2019\/07\/98c4599f-ce71-4dae-b61f-9e2e6768e2d0-1024x768.jpg 1024w, https:\/\/www.estudiodelier.es\/blog\/wp-content\/uploads\/2019\/07\/98c4599f-ce71-4dae-b61f-9e2e6768e2d0-300x225.jpg 300w, https:\/\/www.estudiodelier.es\/blog\/wp-content\/uploads\/2019\/07\/98c4599f-ce71-4dae-b61f-9e2e6768e2d0-768x576.jpg 768w, https:\/\/www.estudiodelier.es\/blog\/wp-content\/uploads\/2019\/07\/98c4599f-ce71-4dae-b61f-9e2e6768e2d0.jpg 1600w\" sizes=\"(max-width: 767px) 89vw, (max-width: 1000px) 54vw, (max-width: 1071px) 543px, 580px\" \/><figcaption> para camas grandes<\/figcaption><\/figure><\/li><li class=\"blocks-gallery-item\"><figure><img decoding=\"async\" loading=\"lazy\" width=\"825\" height=\"1024\" src=\"https:\/\/www.estudiodelier.es\/blog\/wp-content\/uploads\/2019\/07\/Sin-t\u00edtulo-71rrr-825x1024.jpg\" alt=\"cabeceros coloniales\" data-id=\"713\" data-link=\"https:\/\/www.estudiodelier.es\/blog\/?attachment_id=713\" class=\"wp-image-713\" srcset=\"https:\/\/www.estudiodelier.es\/blog\/wp-content\/uploads\/2019\/07\/Sin-t\u00edtulo-71rrr-825x1024.jpg 825w, https:\/\/www.estudiodelier.es\/blog\/wp-content\/uploads\/2019\/07\/Sin-t\u00edtulo-71rrr-242x300.jpg 242w, https:\/\/www.estudiodelier.es\/blog\/wp-content\/uploads\/2019\/07\/Sin-t\u00edtulo-71rrr-768x953.jpg 768w, https:\/\/www.estudiodelier.es\/blog\/wp-content\/uploads\/2019\/07\/Sin-t\u00edtulo-71rrr.jpg 1056w\" sizes=\"(max-width: 767px) 89vw, (max-width: 1000px) 54vw, (max-width: 1071px) 543px, 580px\" \/><figcaption>estilo palace, cabeceros magicos<\/figcaption><\/figure><\/li><\/ul>\n\n\n\n<p>Sue\u00f1a como un pr\u00edncipe, duerme como una reina, deja que tu imaginaci\u00f3n te inspire para crear el dormitorio perfecto, cabeceros de cama \u00e1rabe colonial.<\/p>\n\n\n\n<p>Al ser un cabecero con tonos neutros, el estilo se crea dependiendo de los colores de la pared y ropa de cama, esto lo hace \u00fanico para plasmar el estilo que buscas, sea cl\u00e1sico, oriental, r\u00fastico, moderno <\/p>\n\n\n\n<ul class=\"wp-block-gallery aligncenter columns-3 is-cropped wp-block-gallery-5 is-layout-flex\"><li class=\"blocks-gallery-item\"><figure><img decoding=\"async\" loading=\"lazy\" width=\"800\" height=\"800\" src=\"https:\/\/www.estudiodelier.es\/blog\/wp-content\/uploads\/2019\/07\/cabeceros-estilo-marroqui.jpg\" alt=\"cabeceros tallados para camas\" data-id=\"718\" data-link=\"https:\/\/www.estudiodelier.es\/blog\/?attachment_id=718\" class=\"wp-image-718\" srcset=\"https:\/\/www.estudiodelier.es\/blog\/wp-content\/uploads\/2019\/07\/cabeceros-estilo-marroqui.jpg 800w, https:\/\/www.estudiodelier.es\/blog\/wp-content\/uploads\/2019\/07\/cabeceros-estilo-marroqui-150x150.jpg 150w, https:\/\/www.estudiodelier.es\/blog\/wp-content\/uploads\/2019\/07\/cabeceros-estilo-marroqui-300x300.jpg 300w, https:\/\/www.estudiodelier.es\/blog\/wp-content\/uploads\/2019\/07\/cabeceros-estilo-marroqui-768x768.jpg 768w, https:\/\/www.estudiodelier.es\/blog\/wp-content\/uploads\/2019\/07\/cabeceros-estilo-marroqui-100x100.jpg 100w\" sizes=\"(max-width: 767px) 89vw, (max-width: 1000px) 54vw, (max-width: 1071px) 543px, 580px\" \/><figcaption>cabecero 160&#215;160<\/figcaption><\/figure><\/li><li class=\"blocks-gallery-item\"><figure><img decoding=\"async\" loading=\"lazy\" width=\"615\" height=\"800\" src=\"https:\/\/www.estudiodelier.es\/blog\/wp-content\/uploads\/2019\/07\/mesitas-con-cajones.jpg\" alt=\"mesitas con cajones\" data-id=\"719\" data-link=\"https:\/\/www.estudiodelier.es\/blog\/?attachment_id=719\" class=\"wp-image-719\" srcset=\"https:\/\/www.estudiodelier.es\/blog\/wp-content\/uploads\/2019\/07\/mesitas-con-cajones.jpg 615w, https:\/\/www.estudiodelier.es\/blog\/wp-content\/uploads\/2019\/07\/mesitas-con-cajones-231x300.jpg 231w\" sizes=\"(max-width: 615px) 100vw, 615px\" \/><figcaption>detalles de cajones<\/figcaption><\/figure><\/li><li class=\"blocks-gallery-item\"><figure><img decoding=\"async\" loading=\"lazy\" width=\"750\" height=\"653\" src=\"https:\/\/www.estudiodelier.es\/blog\/wp-content\/uploads\/2019\/07\/cuadros-para-cabeceros.jpg\" alt=\"deco india\" data-id=\"720\" data-link=\"https:\/\/www.estudiodelier.es\/blog\/?attachment_id=720\" class=\"wp-image-720\" srcset=\"https:\/\/www.estudiodelier.es\/blog\/wp-content\/uploads\/2019\/07\/cuadros-para-cabeceros.jpg 750w, https:\/\/www.estudiodelier.es\/blog\/wp-content\/uploads\/2019\/07\/cuadros-para-cabeceros-300x261.jpg 300w\" sizes=\"(max-width: 706px) 89vw, (max-width: 767px) 82vw, 740px\" \/><figcaption>detalle cabecero<\/figcaption><\/figure><\/li><\/ul>\n\n\n\n<p>Materiales y ficha t\u00e9cnica de nuestros cabeceros de cama \u00e1rabes coloniales;<\/p>\n\n\n\n<div class=\"wp-block-image\"><figure class=\"aligncenter\"><img decoding=\"async\" loading=\"lazy\" width=\"800\" height=\"182\" src=\"https:\/\/www.estudiodelier.es\/blog\/wp-content\/uploads\/2019\/07\/dormitorios-en-plata.jpg\" alt=\"cabeceros de cama \u00e1rabes en plata champ\u00e1n\" class=\"wp-image-722\" srcset=\"https:\/\/www.estudiodelier.es\/blog\/wp-content\/uploads\/2019\/07\/dormitorios-en-plata.jpg 800w, https:\/\/www.estudiodelier.es\/blog\/wp-content\/uploads\/2019\/07\/dormitorios-en-plata-300x68.jpg 300w, https:\/\/www.estudiodelier.es\/blog\/wp-content\/uploads\/2019\/07\/dormitorios-en-plata-768x175.jpg 768w\" sizes=\"(max-width: 767px) 89vw, (max-width: 1000px) 54vw, (max-width: 1071px) 543px, 580px\" \/><figcaption>detalles y texturas<\/figcaption><\/figure><\/div>\n\n\n\n<p style=\"color:#f7f2f2\" class=\"has-text-color has-background has-very-dark-gray-background-color\"><a href=\"https:\/\/www.estudiodelier.es\/tienda\/productos\/cabecero-cama-150-jaipur-peq.html\"> <\/a><a href=\"https:\/\/www.estudiodelier.es\/tienda\/categorias\/muebles\/cabeceros-mesillas.html\"><\/a><a href=\"https:\/\/www.estudiodelier.es\/tienda\/categorias\/muebles\/cabeceros-mesillas.html\">puedes verlo en tienda cabeceros y mesillas<\/a><strong><a href=\"https:\/\/www.estudiodelier.es\/tienda\/productos\/cabecero-cama-150-jaipur-peq.html\"> MIRALO EN LA WEB <\/a><\/strong><\/p>\n\n\n\n<h4 class=\"wp-block-heading\">Material:<\/h4>\n\n\n\n<p>bastidor gordo de madera con tablero, forrado en tela de lienzo, relieves en fibra de mandalas.<\/p>\n\n\n\n<h4 class=\"wp-block-heading\">Color; <\/h4>\n\n\n\n<p>fondo del lienzo y cantos del panel en color blanco, relieves en pan de plata efecto viejo, patinados en tono champ\u00e1n, (podemos hacer mas colores bajo petici\u00f3n) <\/p>\n\n\n\n<h3 class=\"wp-block-heading\"><strong>Medidas;<\/strong> <\/h3>\n\n\n\n<p>el cabecero grande mide 160x160cm para cama de 150cm, cabecero peque\u00f1o 160x80cm para cama de 150cm , en ambos casos estos paneles son para ser colgados en la pared. <\/p>\n\n\n\n<div class=\"wp-block-image\"><figure class=\"aligncenter\"><img decoding=\"async\" loading=\"lazy\" width=\"800\" height=\"351\" src=\"https:\/\/www.estudiodelier.es\/blog\/wp-content\/uploads\/2019\/07\/colocacion-cabecero.jpg\" alt=\"colocar cabecero de cama \u00e1rabe colonial delier\" class=\"wp-image-723\" srcset=\"https:\/\/www.estudiodelier.es\/blog\/wp-content\/uploads\/2019\/07\/colocacion-cabecero.jpg 800w, https:\/\/www.estudiodelier.es\/blog\/wp-content\/uploads\/2019\/07\/colocacion-cabecero-300x132.jpg 300w, https:\/\/www.estudiodelier.es\/blog\/wp-content\/uploads\/2019\/07\/colocacion-cabecero-768x337.jpg 768w\" sizes=\"(max-width: 767px) 89vw, (max-width: 1000px) 54vw, (max-width: 1071px) 543px, 580px\" \/><figcaption>colocaci\u00f3n  muy simple y f\u00e1cil, solo hay que poner dos alcayatas en la pared y listo, se entregan montados.<\/figcaption><\/figure><\/div>\n\n\n\n<h2 class=\"wp-block-heading\"><strong>Sin duda un cabecero de cama original con mucho estilo,personalidad, \u00fanico, artesano &#8230;..<\/strong><a href=\"https:\/\/www.estudiodelier.es\/tienda\/categorias\/muebles\/cabeceros-mesillas.html\"><strong> mira este dise\u00f1o tan original y con mucha personalidad.<\/strong><\/a><\/h2>\n\n\n\n<h3 class=\"wp-block-heading\">Inspirado en india y Marruecos cabeceros de cama \u00e1rabe colonial. <\/h3>\n\n\n\n<p>composici\u00f3n de paneles mandalas, creados y trabajados de forma artesana por delier original, somos artistas que crean cada pieza en el estudio de Talavera de la Reina, Toledo, Spain<\/p>\n\n\n\n<div class=\"wp-block-image\"><figure class=\"aligncenter is-resized\"><img decoding=\"async\" loading=\"lazy\" src=\"https:\/\/www.estudiodelier.es\/blog\/wp-content\/uploads\/2019\/04\/mesitas-para-dormitorios.jpg\" alt=\"cabeceros \u00e1rabes coloniales mandalas\" class=\"wp-image-395\" width=\"450\" height=\"333\" srcset=\"https:\/\/www.estudiodelier.es\/blog\/wp-content\/uploads\/2019\/04\/mesitas-para-dormitorios.jpg 600w, https:\/\/www.estudiodelier.es\/blog\/wp-content\/uploads\/2019\/04\/mesitas-para-dormitorios-300x222.jpg 300w\" sizes=\"(max-width: 450px) 100vw, 450px\" \/><figcaption><a href=\"https:\/\/www.estudiodelier.es\/tienda\/categorias\/muebles\/pagina-1.html\">Hay  mas modelos en tienda online muebles delier<\/a><\/figcaption><\/figure><\/div>\n\n\n\n<div class=\"wp-block-image\"><figure class=\"aligncenter\"><img decoding=\"async\" loading=\"lazy\" width=\"750\" height=\"726\" src=\"https:\/\/www.estudiodelier.es\/blog\/wp-content\/uploads\/2019\/05\/cuadros-para-cabeceros.jpg\" alt=\"cuadros para cabeceros caloniales\" class=\"wp-image-669\" srcset=\"https:\/\/www.estudiodelier.es\/blog\/wp-content\/uploads\/2019\/05\/cuadros-para-cabeceros.jpg 750w, https:\/\/www.estudiodelier.es\/blog\/wp-content\/uploads\/2019\/05\/cuadros-para-cabeceros-300x290.jpg 300w\" sizes=\"(max-width: 706px) 89vw, (max-width: 767px) 82vw, 740px\" \/><figcaption><a href=\"https:\/\/www.estudiodelier.es\/tienda\/categorias\/cuadros-por-estilos.html\">cuadros para cabeceros mandalas, mira mas modelos e ideas en tienda <\/a><\/figcaption><\/figure><\/div>\n\n\n\n<p>La magia de decorar inspirados en el mundo de oriente, te dejamos este enlace para que te enamores de india, este cabecero fue una creaci\u00f3n e inspiraci\u00f3n de<a href=\"https:\/\/directiatravel.com\/viajes-india\/guia\/que-ver-y-hacer\/rajastan\"> un viaje muy especial por Delier <\/a><\/p>\n","protected":false},"excerpt":{"rendered":"<p>Cabeceros de cama \u00e1rabes, colonial. el complemento perfecto para tu dormitorio Si est\u00e1s buscando un cabeceros de cama especial, rom\u00e1ntico, con personalidad&#8230;.. Mira nuestros \u00faltimos cabeceros de cama \u00e1rabes, cabezales con mucha personalidad para crear una atmosfera unica, exotica, rom\u00e1ntica y con mucha personalidad. mira este conjunto creado Por Delier, de forma artesanal. &gt;&gt;TE GUSTA?. &hellip; <\/p>\n<p class=\"link-more\"><a href=\"https:\/\/www.estudiodelier.es\/blog\/cabeceros-de-cama-arabe-colonial\/\" class=\"more-link\">Continuar leyendo<span class=\"screen-reader-text\"> \u00abCabeceros de cama \u00e1rabe colonial\u00bb<\/span><\/a><\/p>\n","protected":false},"author":2,"featured_media":713,"comment_status":"closed","ping_status":"closed","sticky":false,"template":"","format":"standard","meta":{"om_disable_all_campaigns":false},"categories":[5,1],"tags":[102,36,103,100,101,104],"aioseo_notices":[],"_links":{"self":[{"href":"https:\/\/www.estudiodelier.es\/blog\/wp-json\/wp\/v2\/posts\/697"}],"collection":[{"href":"https:\/\/www.estudiodelier.es\/blog\/wp-json\/wp\/v2\/posts"}],"about":[{"href":"https:\/\/www.estudiodelier.es\/blog\/wp-json\/wp\/v2\/types\/post"}],"author":[{"embeddable":true,"href":"https:\/\/www.estudiodelier.es\/blog\/wp-json\/wp\/v2\/users\/2"}],"replies":[{"embeddable":true,"href":"https:\/\/www.estudiodelier.es\/blog\/wp-json\/wp\/v2\/comments?post=697"}],"version-history":[{"count":41,"href":"https:\/\/www.estudiodelier.es\/blog\/wp-json\/wp\/v2\/posts\/697\/revisions"}],"predecessor-version":[{"id":770,"href":"https:\/\/www.estudiodelier.es\/blog\/wp-json\/wp\/v2\/posts\/697\/revisions\/770"}],"wp:featuredmedia":[{"embeddable":true,"href":"https:\/\/www.estudiodelier.es\/blog\/wp-json\/wp\/v2\/media\/713"}],"wp:attachment":[{"href":"https:\/\/www.estudiodelier.es\/blog\/wp-json\/wp\/v2\/media?parent=697"}],"wp:term":[{"taxonomy":"category","embeddable":true,"href":"https:\/\/www.estudiodelier.es\/blog\/wp-json\/wp\/v2\/categories?post=697"},{"taxonomy":"post_tag","embeddable":true,"href":"https:\/\/www.estudiodelier.es\/blog\/wp-json\/wp\/v2\/tags?post=697"}],"curies":[{"name":"wp","href":"https:\/\/api.w.org\/{rel}","templated":true}]}}