{"id":794,"date":"2019-08-30T17:06:53","date_gmt":"2019-08-30T17:06:53","guid":{"rendered":"https:\/\/www.estudiodelier.es\/blog\/?p=794"},"modified":"2019-08-30T17:08:33","modified_gmt":"2019-08-30T17:08:33","slug":"cuadros-para-decorar-salones-modernos","status":"publish","type":"post","link":"https:\/\/www.estudiodelier.es\/blog\/cuadros-para-decorar-salones-modernos\/","title":{"rendered":"Cuadros para decorar salones modernos"},"content":{"rendered":"\n<p>Si tu estilo es actual y buscas cuadros para decorar <strong>salones  modernos<\/strong>, esta\u00a0es siempre una excelente decisi\u00f3n. En este articulo encontrar\u00e1s diferentes estilos de cuadros modernos, seguro que encuentras el cuadro perfecto  para sal\u00f3n, comedor, sal\u00f3n, sof\u00e1, entrada&#8230;, ya sea con cuadros abstractos, cuadros urbanos, cuadros de flores, cuadros pintados a mano, cuadros figurativos&#8230; <\/p>\n\n\n\n<div class=\"wp-block-image\"><figure class=\"aligncenter\"><img decoding=\"async\" loading=\"lazy\" width=\"680\" height=\"800\" src=\"https:\/\/www.estudiodelier.es\/blog\/wp-content\/uploads\/2019\/08\/cuadros-flor-de-la-vida-modernos.jpg\" alt=\"cuadros modernos en blanco para sofa\" class=\"wp-image-797\" srcset=\"https:\/\/www.estudiodelier.es\/blog\/wp-content\/uploads\/2019\/08\/cuadros-flor-de-la-vida-modernos.jpg 680w, https:\/\/www.estudiodelier.es\/blog\/wp-content\/uploads\/2019\/08\/cuadros-flor-de-la-vida-modernos-255x300.jpg 255w\" sizes=\"(max-width: 680px) 100vw, 680px\" \/><figcaption>cuadros de autor modernos original delier, puedes verlo en tienda<\/figcaption><\/figure><\/div>\n\n\n\n<p>te dejamos 15 <strong>ideas de cuadros modernos<\/strong> para el sal\u00f3n, originales estudiodelier.es puedes ver mas ideas en su galer\u00eda y <strong>tienda online de cuadros<\/strong><\/p>\n\n\n\n<div class=\"wp-block-image\"><figure class=\"aligncenter is-resized\"><a href=\"https:\/\/www.estudiodelier.es\/tienda\/productos\/panel-circulos-pared.html\"><img decoding=\"async\" loading=\"lazy\" src=\"https:\/\/www.estudiodelier.es\/blog\/wp-content\/uploads\/2019\/08\/cuadros-modernos-metalicos.jpg\" alt=\"cuadros modernos en metal\" class=\"wp-image-798\" width=\"434\" height=\"563\" srcset=\"https:\/\/www.estudiodelier.es\/blog\/wp-content\/uploads\/2019\/08\/cuadros-modernos-metalicos.jpg 578w, https:\/\/www.estudiodelier.es\/blog\/wp-content\/uploads\/2019\/08\/cuadros-modernos-metalicos-231x300.jpg 231w\" sizes=\"(max-width: 434px) 100vw, 434px\" \/><\/a><figcaption>cuadro en metal pieza unica<\/figcaption><\/figure><\/div>\n\n\n\n<div class=\"wp-block-image\"><figure class=\"aligncenter is-resized\"><a href=\"https:\/\/www.estudiodelier.es\/tienda\/productos\/cuadro-triptico-modernos-plateado.html\"><img decoding=\"async\" loading=\"lazy\" src=\"https:\/\/www.estudiodelier.es\/blog\/wp-content\/uploads\/2019\/08\/cuadroas-modernos-abstractos-plateados.jpg\" alt=\"cuadros para el salones modernos\" class=\"wp-image-799\" width=\"526\" height=\"600\" srcset=\"https:\/\/www.estudiodelier.es\/blog\/wp-content\/uploads\/2019\/08\/cuadroas-modernos-abstractos-plateados.jpg 701w, https:\/\/www.estudiodelier.es\/blog\/wp-content\/uploads\/2019\/08\/cuadroas-modernos-abstractos-plateados-263x300.jpg 263w\" sizes=\"(max-width: 526px) 100vw, 526px\" \/><\/a><figcaption>cuadro triptico, en tonos blancos y plateados<\/figcaption><\/figure><\/div>\n\n\n\n<div class=\"wp-block-image\"><figure class=\"aligncenter is-resized\"><a href=\"https:\/\/www.estudiodelier.es\/tienda\/productos\/cuadro-arbol-de-la-vida-zen.html\"><img decoding=\"async\" loading=\"lazy\" src=\"https:\/\/www.estudiodelier.es\/blog\/wp-content\/uploads\/2019\/08\/cuadros-en-rojo-y-oro-zen.jpg\" alt=\"cuadros decoracion arbol vida\" class=\"wp-image-800\" width=\"473\" height=\"563\" srcset=\"https:\/\/www.estudiodelier.es\/blog\/wp-content\/uploads\/2019\/08\/cuadros-en-rojo-y-oro-zen.jpg 631w, https:\/\/www.estudiodelier.es\/blog\/wp-content\/uploads\/2019\/08\/cuadros-en-rojo-y-oro-zen-252x300.jpg 252w\" sizes=\"(max-width: 473px) 100vw, 473px\" \/><\/a><figcaption>un poco mas tradicional, el \u00e1rbol de la veda<\/figcaption><\/figure><\/div>\n\n\n\n<div class=\"wp-block-image\"><figure class=\"aligncenter is-resized\"><img decoding=\"async\" loading=\"lazy\" src=\"https:\/\/www.estudiodelier.es\/blog\/wp-content\/uploads\/2019\/08\/cuadros-tripticos-arbol-vida.jpg\" alt=\"cuadros el \u00e1rbol de la vida\" class=\"wp-image-801\" width=\"600\" height=\"414\" srcset=\"https:\/\/www.estudiodelier.es\/blog\/wp-content\/uploads\/2019\/08\/cuadros-tripticos-arbol-vida.jpg 800w, https:\/\/www.estudiodelier.es\/blog\/wp-content\/uploads\/2019\/08\/cuadros-tripticos-arbol-vida-300x207.jpg 300w, https:\/\/www.estudiodelier.es\/blog\/wp-content\/uploads\/2019\/08\/cuadros-tripticos-arbol-vida-768x530.jpg 768w\" sizes=\"(max-width: 600px) 100vw, 600px\" \/><figcaption><a href=\"https:\/\/www.estudiodelier.es\/tienda\/productos\/cuadro-triptico-arbol-plata.html\">\u00e1rbol de la vida, en tonos plateados, original delier puedes verlo en <\/a><strong><a href=\"https:\/\/www.estudiodelier.es\/tienda\/productos\/cuadro-triptico-arbol-plata.html\">tienda de cuadros<\/a><\/strong><\/figcaption><\/figure><\/div>\n\n\n\n<div class=\"wp-block-image\"><figure class=\"aligncenter\"><a href=\"https:\/\/www.estudiodelier.es\/tienda\/productos\/cuadro-pop-mujer-valiente.html\"><img decoding=\"async\" loading=\"lazy\" width=\"800\" height=\"565\" src=\"https:\/\/www.estudiodelier.es\/blog\/wp-content\/uploads\/2019\/08\/comprar-cuadros-modernos-animales.jpg\" alt=\"decorar el salon comedor\" class=\"wp-image-802\" srcset=\"https:\/\/www.estudiodelier.es\/blog\/wp-content\/uploads\/2019\/08\/comprar-cuadros-modernos-animales.jpg 800w, https:\/\/www.estudiodelier.es\/blog\/wp-content\/uploads\/2019\/08\/comprar-cuadros-modernos-animales-300x212.jpg 300w, https:\/\/www.estudiodelier.es\/blog\/wp-content\/uploads\/2019\/08\/comprar-cuadros-modernos-animales-768x542.jpg 768w\" sizes=\"(max-width: 767px) 89vw, (max-width: 1000px) 54vw, (max-width: 1071px) 543px, 580px\" \/><\/a><figcaption>cuadro contemporaneo, color y protagonismo en el espacio<\/figcaption><\/figure><\/div>\n\n\n\n<div class=\"wp-block-image\"><figure class=\"aligncenter is-resized\"><a href=\"https:\/\/www.estudiodelier.es\/tienda\/productos\/cuadro-avestruces-74x120.html\"><img decoding=\"async\" loading=\"lazy\" src=\"https:\/\/www.estudiodelier.es\/blog\/wp-content\/uploads\/2019\/08\/cuadros-originales-blancos.jpg\" alt=\"cuadros abstractos modernos\" class=\"wp-image-803\" width=\"676\" height=\"525\" srcset=\"https:\/\/www.estudiodelier.es\/blog\/wp-content\/uploads\/2019\/08\/cuadros-originales-blancos.jpg 901w, https:\/\/www.estudiodelier.es\/blog\/wp-content\/uploads\/2019\/08\/cuadros-originales-blancos-300x233.jpg 300w, https:\/\/www.estudiodelier.es\/blog\/wp-content\/uploads\/2019\/08\/cuadros-originales-blancos-768x597.jpg 768w\" sizes=\"(max-width: 676px) 100vw, 676px\" \/><\/a><figcaption>original y pintado al oleo<\/figcaption><\/figure><\/div>\n\n\n\n<div class=\"wp-block-image\"><figure class=\"aligncenter\"><a href=\"https:\/\/www.estudiodelier.es\/tienda\/productos\/cuadro-zen-luna.html\"><img decoding=\"async\" loading=\"lazy\" width=\"750\" height=\"558\" src=\"https:\/\/www.estudiodelier.es\/blog\/wp-content\/uploads\/2019\/08\/tienda-cuadros-zen-2.jpg\" alt=\"comprar cuadros modernos sofa\" class=\"wp-image-804\" srcset=\"https:\/\/www.estudiodelier.es\/blog\/wp-content\/uploads\/2019\/08\/tienda-cuadros-zen-2.jpg 750w, https:\/\/www.estudiodelier.es\/blog\/wp-content\/uploads\/2019\/08\/tienda-cuadros-zen-2-300x223.jpg 300w\" sizes=\"(max-width: 706px) 89vw, (max-width: 767px) 82vw, 740px\" \/><\/a><figcaption>dos mejor que uno, tradici\u00f3n e impacto, simetr\u00eda limpia<\/figcaption><\/figure><\/div>\n\n\n\n<div class=\"wp-block-image\"><figure class=\"aligncenter is-resized\"><a href=\"https:\/\/www.estudiodelier.es\/tienda\/productos\/cuadro-coca-cola-conceptual.html\"><img decoding=\"async\" loading=\"lazy\" src=\"https:\/\/www.estudiodelier.es\/blog\/wp-content\/uploads\/2019\/08\/cuadros-modernos-de-cocacola.jpg\" alt=\"Cuadros modernos para salones\" class=\"wp-image-805\" width=\"600\" height=\"557\" srcset=\"https:\/\/www.estudiodelier.es\/blog\/wp-content\/uploads\/2019\/08\/cuadros-modernos-de-cocacola.jpg 800w, https:\/\/www.estudiodelier.es\/blog\/wp-content\/uploads\/2019\/08\/cuadros-modernos-de-cocacola-300x279.jpg 300w, https:\/\/www.estudiodelier.es\/blog\/wp-content\/uploads\/2019\/08\/cuadros-modernos-de-cocacola-768x713.jpg 768w\" sizes=\"(max-width: 600px) 100vw, 600px\" \/><\/a><figcaption>cuando el color transmite alegr\u00eda<\/figcaption><\/figure><\/div>\n\n\n\n<div class=\"wp-block-image\"><figure class=\"aligncenter\"><a href=\"https:\/\/www.estudiodelier.es\/tienda\/productos\/cuadro-abstracto-naturaleza.html\"><img decoding=\"async\" loading=\"lazy\" width=\"700\" height=\"691\" src=\"https:\/\/www.estudiodelier.es\/blog\/wp-content\/uploads\/2019\/08\/comprar-cuadros-modernos-online.jpg\" alt=\"cuadros para el sofa\" class=\"wp-image-806\" srcset=\"https:\/\/www.estudiodelier.es\/blog\/wp-content\/uploads\/2019\/08\/comprar-cuadros-modernos-online.jpg 700w, https:\/\/www.estudiodelier.es\/blog\/wp-content\/uploads\/2019\/08\/comprar-cuadros-modernos-online-300x296.jpg 300w, https:\/\/www.estudiodelier.es\/blog\/wp-content\/uploads\/2019\/08\/comprar-cuadros-modernos-online-100x100.jpg 100w\" sizes=\"(max-width: 700px) 100vw, 700px\" \/><\/a><figcaption>colores en metal y tierras, los neutros siempre est\u00e1n de moda<\/figcaption><\/figure><\/div>\n\n\n\n<p style=\"text-align:center\" class=\"has-text-color has-background has-large-font-size has-very-light-gray-color has-very-dark-gray-background-color\"><a href=\"https:\/\/www.estudiodelier.es\/tienda\/categorias\/cuadros-por-estilos.html\">Ver mas cuadros e ideas en <strong>tienda de cuadros modernos<\/strong><\/a><\/p>\n\n\n\n<p>tambi\u00e9n te pueden interesar,  Cuadros para decorar salones modernos<br><a href=\"https:\/\/www.estudiodelier.es\/noticias\/cuadros-modernos-mandalas.html\">Cuadros modernos Mandalas <\/a>  o como <a href=\"https:\/\/www.hola.com\/decoracion\/galeria\/2017081198126\/decorar-con-cuadros\/1\/\">decorar con cuadros <\/a><\/p>\n\n\n\n<h3 class=\"wp-block-heading\">Decorar con\ncuadros. Una pieza fundamental para que tu casa se convierta en un hogar con\nclase y elegante.<\/h3>\n\n\n\n<p>Las paredes reflejan tu car\u00e1cter y personalidad, mediante la decoraci\u00f3n se transmite a tu hogar, nosotros te ayudamos a conseguir el estilo y armon\u00eda que buscas, lienzos, nuestros cuadros decorativos, artesanos y realizados a mano son la pieza perfecta para conseguirlo. En nuestra tienda online encontrar\u00e1s cuadros de todos los estilos, modernos, cl\u00e1sicos, contempor\u00e1neos, orientales, m\u00e1ndalas, plateados, r\u00fasticos \u2026., Tambi\u00e9n te ayudamos a escoger seg\u00fan el lugar de tu casa\u00a0que quieras decorar, desde tu dormitorio, tu sal\u00f3n, ba\u00f1o o cocina, encontrar\u00e1s para todas las estancias de tu hogar. P\u00eddenos ayuda y te asesoramos.<\/p>\n","protected":false},"excerpt":{"rendered":"<p>Si tu estilo es actual y buscas cuadros para decorar salones modernos, esta\u00a0es siempre una excelente decisi\u00f3n. En este articulo encontrar\u00e1s diferentes estilos de cuadros modernos, seguro que encuentras el cuadro perfecto para sal\u00f3n, comedor, sal\u00f3n, sof\u00e1, entrada&#8230;, ya sea con cuadros abstractos, cuadros urbanos, cuadros de flores, cuadros pintados a mano, cuadros figurativos&#8230; te &hellip; <\/p>\n<p class=\"link-more\"><a href=\"https:\/\/www.estudiodelier.es\/blog\/cuadros-para-decorar-salones-modernos\/\" class=\"more-link\">Continuar leyendo<span class=\"screen-reader-text\"> \u00abCuadros para decorar salones modernos\u00bb<\/span><\/a><\/p>\n","protected":false},"author":2,"featured_media":804,"comment_status":"closed","ping_status":"closed","sticky":false,"template":"","format":"standard","meta":{"om_disable_all_campaigns":false},"categories":[3,5,1],"tags":[7,60,113,111,112],"aioseo_notices":[],"_links":{"self":[{"href":"https:\/\/www.estudiodelier.es\/blog\/wp-json\/wp\/v2\/posts\/794"}],"collection":[{"href":"https:\/\/www.estudiodelier.es\/blog\/wp-json\/wp\/v2\/posts"}],"about":[{"href":"https:\/\/www.estudiodelier.es\/blog\/wp-json\/wp\/v2\/types\/post"}],"author":[{"embeddable":true,"href":"https:\/\/www.estudiodelier.es\/blog\/wp-json\/wp\/v2\/users\/2"}],"replies":[{"embeddable":true,"href":"https:\/\/www.estudiodelier.es\/blog\/wp-json\/wp\/v2\/comments?post=794"}],"version-history":[{"count":8,"href":"https:\/\/www.estudiodelier.es\/blog\/wp-json\/wp\/v2\/posts\/794\/revisions"}],"predecessor-version":[{"id":812,"href":"https:\/\/www.estudiodelier.es\/blog\/wp-json\/wp\/v2\/posts\/794\/revisions\/812"}],"wp:featuredmedia":[{"embeddable":true,"href":"https:\/\/www.estudiodelier.es\/blog\/wp-json\/wp\/v2\/media\/804"}],"wp:attachment":[{"href":"https:\/\/www.estudiodelier.es\/blog\/wp-json\/wp\/v2\/media?parent=794"}],"wp:term":[{"taxonomy":"category","embeddable":true,"href":"https:\/\/www.estudiodelier.es\/blog\/wp-json\/wp\/v2\/categories?post=794"},{"taxonomy":"post_tag","embeddable":true,"href":"https:\/\/www.estudiodelier.es\/blog\/wp-json\/wp\/v2\/tags?post=794"}],"curies":[{"name":"wp","href":"https:\/\/api.w.org\/{rel}","templated":true}]}}