{"id":891,"date":"2019-10-11T15:24:05","date_gmt":"2019-10-11T15:24:05","guid":{"rendered":"https:\/\/www.estudiodelier.es\/blog\/?p=891"},"modified":"2019-10-23T15:33:16","modified_gmt":"2019-10-23T15:33:16","slug":"cuadros-mandalas-plateados","status":"publish","type":"post","link":"https:\/\/www.estudiodelier.es\/blog\/cuadros-mandalas-plateados\/","title":{"rendered":"Cuadros mandalas plateados"},"content":{"rendered":"\n<p>Hemos o\u00eddo hablar mucho de los <a href=\"https:\/\/www.estudiodelier.es\/noticias\/mandalas--que-son--como-utilizarlos.html\">Mandalas, \u00bfque son?<\/a> En otro articula ya henos hablado de ellos, pero en esta ocasi\u00f3n os queremos mostrar algunas imagenes de  <a href=\"https:\/\/www.estudiodelier.es\/tienda\/categorias\/cuadros-por-estilos\/cuadros-coloniales-y-mandalas.html\"><strong>cuadros Mandalas<\/strong><\/a><strong> <\/strong><a href=\"https:\/\/www.estudiodelier.es\/noticias\/cuadros-plateados.html\"><strong>plateados<\/strong><\/a><strong>. <\/strong><\/p>\n\n\n\n<div class=\"wp-block-image\"><figure class=\"aligncenter\"><img decoding=\"async\" loading=\"lazy\" width=\"800\" height=\"686\" src=\"https:\/\/www.estudiodelier.es\/blog\/wp-content\/uploads\/2019\/10\/cuadros-para-sofas-modernos.jpg\" alt=\"cuadros mandalas plateados\" class=\"wp-image-913\" srcset=\"https:\/\/www.estudiodelier.es\/blog\/wp-content\/uploads\/2019\/10\/cuadros-para-sofas-modernos.jpg 800w, https:\/\/www.estudiodelier.es\/blog\/wp-content\/uploads\/2019\/10\/cuadros-para-sofas-modernos-300x257.jpg 300w, https:\/\/www.estudiodelier.es\/blog\/wp-content\/uploads\/2019\/10\/cuadros-para-sofas-modernos-768x659.jpg 768w\" sizes=\"(max-width: 767px) 89vw, (max-width: 1000px) 54vw, (max-width: 1071px) 543px, 580px\" \/><figcaption><a href=\"https:\/\/www.estudiodelier.es\/tienda\/productos\/cuadro-mandala-plata-y-champan.html\">cuadro mandala en plata y champan<\/a> original de estudio delier<\/figcaption><\/figure><\/div>\n\n\n\n<h2 class=\"wp-block-heading\">Que significan los m\u00e1ndalas<\/h2>\n\n\n\n<p>Los Cuadros de mandalas, cada d\u00eda m\u00e1s conocidos y populares  no solo entre personas conocedoras de ellos, si no tambi\u00e9n por personas que nunca hab\u00edan o\u00eddo hablar de ellos. <\/p>\n\n\n\n<p>Los mandalas tienen muchos significados, depende de sus formas o colores. Seg\u00fan las creencias, estos tienen varios significados e interpretaciones, para ser poderosos aliados en meditaci\u00f3n, canalizaci\u00f3n de energ\u00edas y sanaci\u00f3n de cuerpo &nbsp;y mente. <\/p>\n\n\n\n<div class=\"wp-block-image\"><figure class=\"aligncenter is-resized\"><img decoding=\"async\" loading=\"lazy\" src=\"https:\/\/www.estudiodelier.es\/blog\/wp-content\/uploads\/2019\/10\/comprar-cuadros-rosetones-mandalas.jpg\" alt=\"Ideas de cuadros m\u00e1ndalas plateados\" class=\"wp-image-914\" width=\"525\" height=\"511\" srcset=\"https:\/\/www.estudiodelier.es\/blog\/wp-content\/uploads\/2019\/10\/comprar-cuadros-rosetones-mandalas.jpg 700w, https:\/\/www.estudiodelier.es\/blog\/wp-content\/uploads\/2019\/10\/comprar-cuadros-rosetones-mandalas-300x292.jpg 300w\" sizes=\"(max-width: 525px) 100vw, 525px\" \/><figcaption>cuadros de m\u00e1ndala para el sofa delier<\/figcaption><\/figure><\/div>\n\n\n\n<h2 class=\"wp-block-heading\">Decorar con cuadros plateados encima del sof\u00e1<\/h2>\n\n\n\n<p>Los budistas son quien m\u00e1s los utilizan, hacen meditaci\u00f3n alrededor de ellos o mientras se crean, <em>conexi\u00f3n entre el hombre y la divinidad<\/em>.<\/p>\n\n\n\n<div class=\"wp-block-image\"><figure class=\"aligncenter is-resized\"><img decoding=\"async\" loading=\"lazy\" src=\"https:\/\/www.estudiodelier.es\/blog\/wp-content\/uploads\/2019\/10\/cuadros-plateados-mano-fatima-pared.jpg\" alt=\"cuadros decoraci\u00f3n en plata\" class=\"wp-image-917\" width=\"431\" height=\"600\" srcset=\"https:\/\/www.estudiodelier.es\/blog\/wp-content\/uploads\/2019\/10\/cuadros-plateados-mano-fatima-pared.jpg 575w, https:\/\/www.estudiodelier.es\/blog\/wp-content\/uploads\/2019\/10\/cuadros-plateados-mano-fatima-pared-216x300.jpg 216w\" sizes=\"(max-width: 431px) 100vw, 431px\" \/><figcaption>cuadro mano de fatima mandala original delier<\/figcaption><\/figure><\/div>\n\n\n\n<h2 class=\"wp-block-heading\" style=\"text-align:center\"><a href=\"https:\/\/www.estudiodelier.es\/blog\/como-decorar-una-casa-con-feng-shui\/\">Seg\u00fan el feng shui, \u00bfque aporta el color plata<\/a>?<\/h2>\n\n\n\n<p style=\"color:#64421e;text-align:center\" class=\"has-text-color has-medium-font-size\"><strong>Plateado<\/strong>: suerte, prosperidad,\nfuerza, equilibrio y capacidades ps\u00edquicas, emociones controladas.<\/p>\n\n\n\n<p style=\"color:#653f0b;text-align:center\" class=\"has-text-color has-medium-font-size\"><strong>Gris<\/strong>: calma, espera, neutralidad, sabidur\u00eda y renovaci\u00f3n.<\/p>\n\n\n\n<div class=\"wp-block-image\"><figure class=\"aligncenter is-resized\"><img decoding=\"async\" loading=\"lazy\" src=\"https:\/\/www.estudiodelier.es\/blog\/wp-content\/uploads\/2019\/10\/comprar-cuadros-tripticos-plateados.jpg\" alt=\"cuadros para el dormitorio en plata\" class=\"wp-image-919\" width=\"600\" height=\"496\" srcset=\"https:\/\/www.estudiodelier.es\/blog\/wp-content\/uploads\/2019\/10\/comprar-cuadros-tripticos-plateados.jpg 800w, https:\/\/www.estudiodelier.es\/blog\/wp-content\/uploads\/2019\/10\/comprar-cuadros-tripticos-plateados-300x248.jpg 300w, https:\/\/www.estudiodelier.es\/blog\/wp-content\/uploads\/2019\/10\/comprar-cuadros-tripticos-plateados-768x635.jpg 768w\" sizes=\"(max-width: 600px) 100vw, 600px\" \/><figcaption>triptico plateado delier<\/figcaption><\/figure><\/div>\n\n\n\n<h3 class=\"wp-block-heading\">Decorando en tonos plateados<\/h3>\n\n\n\n<div class=\"wp-block-image\"><figure class=\"aligncenter is-resized\"><img decoding=\"async\" loading=\"lazy\" src=\"https:\/\/www.estudiodelier.es\/blog\/wp-content\/uploads\/2019\/10\/comprar-cuadros-plateados.jpg\" alt=\"cuadros plateados mandalas\" class=\"wp-image-920\" width=\"525\" height=\"515\" srcset=\"https:\/\/www.estudiodelier.es\/blog\/wp-content\/uploads\/2019\/10\/comprar-cuadros-plateados.jpg 700w, https:\/\/www.estudiodelier.es\/blog\/wp-content\/uploads\/2019\/10\/comprar-cuadros-plateados-300x294.jpg 300w\" sizes=\"(max-width: 525px) 100vw, 525px\" \/><figcaption>m\u00e1ndalas para el sal\u00f3n<\/figcaption><\/figure><\/div>\n\n\n\n<p>Los colores plateados en la decoraci\u00f3n son muy vers\u00e1tiles,<\/p>\n\n\n\n<p>El color plata, acero, grises, met\u00e1licos, son colores neutros, por lo cual combinan a la perfecccion con otros colores.<\/p>\n\n\n\n<ul><li><strong><a href=\"https:\/\/www.estudiodelier.es\/tienda\/categorias\/cuadros-por-estilos\/cuadros-modernos.html\">Para decoraciones modernas<\/a><\/strong>, crea sensaci\u00f3n de modernidad, est\u00e9tica futurista, calidad, minimalismo, glamour, y decoraciones que con 4 elementos dan fuerza y personalidad al espacio&#8230;.., <\/li><li><strong>Decoraciones rusticas,<\/strong> introduce el elemento de contraste, donde lo antiguo o tradicional convive con la vida contempor\u00e1nea, es un plus a\u00f1adido que hace de la decoraci\u00f3n un escaparate vivo y actual.<\/li><li> <strong><a href=\"https:\/\/www.estudiodelier.es\/tienda\/categorias\/cuadros-por-estilos\/cuadros-coloniales-y-mandalas.html\">Decoraci\u00f3n \u00e9tnica, colonial, oriental<\/a><\/strong><a href=\"https:\/\/www.estudiodelier.es\/tienda\/categorias\/cuadros-por-estilos\/cuadros-coloniales-y-mandalas.html\">,<\/a> da paso a disfrutar de los materiales nobles, mezclado con la madera, piedra, textiles, cuadros &#8230;. su combinaci\u00f3n es m\u00e1gica, ademas tradicional, muchos artesanos utilizan los metales plateados para plasmar su arte, y si hablamos de energ\u00edas es el elemento metal.<\/li><li><strong><a href=\"https:\/\/www.estudiodelier.es\/tienda\/categorias\/cuadros-por-estilos\/cuadros-clasicos-.html\">Decoraci\u00f3n cl\u00e1sica,<\/a><\/strong><a href=\"https:\/\/www.estudiodelier.es\/tienda\/categorias\/cuadros-por-estilos\/cuadros-clasicos-.html\"> <\/a>pinturas, artesonados, decoraci\u00f3n, telas o papeles pintados, son algunos de sus elementos que mejor funcionan, el cl\u00e1sico se caracterizaba entre otras cosas por el lujo, piezas elegantes y de calidad exclusivas, muy trabajadas incluso en ocasiones barrocas, decorar con cuadros en plata ayuda a descargar un poco el estilo y hacerlo mas fluido.<\/li><\/ul>\n\n\n\n<h2 class=\"wp-block-heading\">Te dejamos algunas im\u00e1genes de cuadros plateados<\/h2>\n\n\n\n<p>Si te gustan estos cuadros, puedes ver mas en nuestra tienda de cuadros mandalas plateados <\/p>\n\n\n\n<div class=\"wp-block-image\"><figure class=\"aligncenter\"><img decoding=\"async\" loading=\"lazy\" width=\"675\" height=\"800\" src=\"https:\/\/www.estudiodelier.es\/blog\/wp-content\/uploads\/2019\/10\/cuadros-coloniales-mandalas.jpg\" alt=\"rosetones cuadros plateados\" class=\"wp-image-921\" srcset=\"https:\/\/www.estudiodelier.es\/blog\/wp-content\/uploads\/2019\/10\/cuadros-coloniales-mandalas.jpg 675w, https:\/\/www.estudiodelier.es\/blog\/wp-content\/uploads\/2019\/10\/cuadros-coloniales-mandalas-253x300.jpg 253w\" sizes=\"(max-width: 675px) 100vw, 675px\" \/><figcaption>roseton delier<\/figcaption><\/figure><\/div>\n\n\n\n<figure class=\"wp-block-image\"><img decoding=\"async\" loading=\"lazy\" width=\"700\" height=\"651\" src=\"https:\/\/www.estudiodelier.es\/blog\/wp-content\/uploads\/2019\/10\/cuadros-para-sofas-dormitorios-camas.jpg\" alt=\"cuadros mandalas plateados\" class=\"wp-image-922\" srcset=\"https:\/\/www.estudiodelier.es\/blog\/wp-content\/uploads\/2019\/10\/cuadros-para-sofas-dormitorios-camas.jpg 700w, https:\/\/www.estudiodelier.es\/blog\/wp-content\/uploads\/2019\/10\/cuadros-para-sofas-dormitorios-camas-300x279.jpg 300w\" sizes=\"(max-width: 700px) 100vw, 700px\" \/><figcaption>m\u00e1ndala en relieve original delier<\/figcaption><\/figure>\n\n\n\n<div class=\"wp-block-image\"><figure class=\"aligncenter is-resized\"><img decoding=\"async\" loading=\"lazy\" src=\"https:\/\/www.estudiodelier.es\/blog\/wp-content\/uploads\/2019\/10\/cuadros-modernos-salones.jpg\" alt=\"cuadros moderno entradas\" class=\"wp-image-923\" width=\"600\" height=\"679\" srcset=\"https:\/\/www.estudiodelier.es\/blog\/wp-content\/uploads\/2019\/10\/cuadros-modernos-salones.jpg 800w, https:\/\/www.estudiodelier.es\/blog\/wp-content\/uploads\/2019\/10\/cuadros-modernos-salones-265x300.jpg 265w, https:\/\/www.estudiodelier.es\/blog\/wp-content\/uploads\/2019\/10\/cuadros-modernos-salones-768x869.jpg 768w\" sizes=\"(max-width: 600px) 100vw, 600px\" \/><figcaption>cuadro mandala diamante delier<\/figcaption><\/figure><\/div>\n\n\n\n<div class=\"wp-block-image\"><figure class=\"aligncenter is-resized\"><img decoding=\"async\" loading=\"lazy\" src=\"https:\/\/www.estudiodelier.es\/blog\/wp-content\/uploads\/2019\/10\/cuadros-arbol-de-la-vida.jpg\" alt=\"cuadros para el cabecero en plata\" class=\"wp-image-925\" width=\"475\" height=\"600\" srcset=\"https:\/\/www.estudiodelier.es\/blog\/wp-content\/uploads\/2019\/10\/cuadros-arbol-de-la-vida.jpg 633w, https:\/\/www.estudiodelier.es\/blog\/wp-content\/uploads\/2019\/10\/cuadros-arbol-de-la-vida-237x300.jpg 237w\" sizes=\"(max-width: 475px) 100vw, 475px\" \/><figcaption>arbol de la vida cuadros<\/figcaption><\/figure><\/div>\n\n\n\n<div class=\"wp-block-image\"><figure class=\"aligncenter is-resized\"><img decoding=\"async\" loading=\"lazy\" src=\"https:\/\/www.estudiodelier.es\/blog\/wp-content\/uploads\/2019\/10\/530a0f14c40dcfd1a417324e23eb17cb.jpg\" alt=\"cuadros encima del sofa feng shui\" class=\"wp-image-918\" width=\"452\" height=\"563\" srcset=\"https:\/\/www.estudiodelier.es\/blog\/wp-content\/uploads\/2019\/10\/530a0f14c40dcfd1a417324e23eb17cb.jpg 603w, https:\/\/www.estudiodelier.es\/blog\/wp-content\/uploads\/2019\/10\/530a0f14c40dcfd1a417324e23eb17cb-241x300.jpg 241w\" sizes=\"(max-width: 452px) 100vw, 452px\" \/><figcaption>cuadros en oro y plata original delier, decoraci\u00f3n del sofa<\/figcaption><\/figure><\/div>\n\n\n\n<p class=\"has-background has-medium-font-size has-pale-pink-background-color\"><strong><a href=\"https:\/\/www.estudiodelier.es\/tienda\/categorias\/cuadros-por-estilos.html\">Puedes ver mas cuadros plateados, de m\u00e1ndalas, modernos o todos los estilos en tienda  <\/a><\/strong><\/p>\n\n\n\n<div class=\"wp-block-image\"><figure class=\"aligncenter is-resized\"><img decoding=\"async\" loading=\"lazy\" src=\"https:\/\/www.estudiodelier.es\/blog\/wp-content\/uploads\/2019\/10\/tiendas-de-cabeceros-bonitos.jpg\" alt=\"cabeceros arabes plateados\" class=\"wp-image-924\" width=\"564\" height=\"600\" srcset=\"https:\/\/www.estudiodelier.es\/blog\/wp-content\/uploads\/2019\/10\/tiendas-de-cabeceros-bonitos.jpg 752w, https:\/\/www.estudiodelier.es\/blog\/wp-content\/uploads\/2019\/10\/tiendas-de-cabeceros-bonitos-282x300.jpg 282w\" sizes=\"(max-width: 564px) 100vw, 564px\" \/><figcaption>camas de estilo \u00e1rabe colonial, dise\u00f1ado por delier<\/figcaption><\/figure><\/div>\n\n\n\n<p><strong><a href=\"https:\/\/www.estudiodelier.es\/tienda\/categorias\/muebles\/cabeceros-mesillas.html\">Tambi\u00e9n te puede interesar cabeceros mandalas plateados, estilo \u00e1rabe<\/a><\/strong><\/p>\n\n\n\n<p><strong>Los mandalas<\/strong>, s\u00edmbolos que canalizan energ\u00edas, muy representados por el budismo y el hinduismo, tal y como los conocemos, aunque otras culturas tambi\u00e9n los utilizan, con otras denominaciones y usos. Estos s\u00edmbolos geom\u00e9tricos tienen varios significados. Para los budistas su funci\u00f3n es la meditaci\u00f3n y la espiritualidad, para los hinduistas y el mundo zen canalizaci\u00f3n de energ\u00edas. Las creaciones de estas formas circulares llenas de ramificaciones crean un recorrido que representa nuestra propia vida. Se trata de una v\u00eda de conexi\u00f3n entre el hombre y la divinidad. Son inspiradores, relajantes y, decorativos. S\u00ed, actualmente la&nbsp;<strong>decoraci\u00f3n con mandalas<\/strong>&nbsp;es tendencia, los podemos ver en revistas decorando salones, dormitorios, entradas, pasillos, encima de sof\u00e1\u2026\u2026<\/p>\n\n\n\n<div class=\"wp-block-image\"><figure class=\"aligncenter is-resized\"><img decoding=\"async\" loading=\"lazy\" src=\"https:\/\/www.estudiodelier.es\/blog\/wp-content\/uploads\/2019\/10\/cuadro-flor-de-la-vida-sofas.jpg\" alt=\"mandala flor de la vida\" class=\"wp-image-929\" width=\"475\" height=\"600\" srcset=\"https:\/\/www.estudiodelier.es\/blog\/wp-content\/uploads\/2019\/10\/cuadro-flor-de-la-vida-sofas.jpg 633w, https:\/\/www.estudiodelier.es\/blog\/wp-content\/uploads\/2019\/10\/cuadro-flor-de-la-vida-sofas-237x300.jpg 237w\" sizes=\"(max-width: 475px) 100vw, 475px\" \/><figcaption>original cuadro decorativo delier<\/figcaption><\/figure><\/div>\n\n\n\n<p><a href=\"https:\/\/www.pinterest.es\/geramirezv\/muebles-plateados\/\">muebles plateados<\/a><\/p>\n","protected":false},"excerpt":{"rendered":"<p>Hemos o\u00eddo hablar mucho de los Mandalas, \u00bfque son? En otro articula ya henos hablado de ellos, pero en esta ocasi\u00f3n os queremos mostrar algunas imagenes de cuadros Mandalas plateados. Que significan los m\u00e1ndalas Los Cuadros de mandalas, cada d\u00eda m\u00e1s conocidos y populares no solo entre personas conocedoras de ellos, si no tambi\u00e9n por &hellip; <\/p>\n<p class=\"link-more\"><a href=\"https:\/\/www.estudiodelier.es\/blog\/cuadros-mandalas-plateados\/\" class=\"more-link\">Continuar leyendo<span class=\"screen-reader-text\"> \u00abCuadros mandalas plateados\u00bb<\/span><\/a><\/p>\n","protected":false},"author":2,"featured_media":922,"comment_status":"closed","ping_status":"closed","sticky":false,"template":"","format":"standard","meta":{"om_disable_all_campaigns":false},"categories":[1],"tags":[67,21,78,79,111,112],"aioseo_notices":[],"_links":{"self":[{"href":"https:\/\/www.estudiodelier.es\/blog\/wp-json\/wp\/v2\/posts\/891"}],"collection":[{"href":"https:\/\/www.estudiodelier.es\/blog\/wp-json\/wp\/v2\/posts"}],"about":[{"href":"https:\/\/www.estudiodelier.es\/blog\/wp-json\/wp\/v2\/types\/post"}],"author":[{"embeddable":true,"href":"https:\/\/www.estudiodelier.es\/blog\/wp-json\/wp\/v2\/users\/2"}],"replies":[{"embeddable":true,"href":"https:\/\/www.estudiodelier.es\/blog\/wp-json\/wp\/v2\/comments?post=891"}],"version-history":[{"count":8,"href":"https:\/\/www.estudiodelier.es\/blog\/wp-json\/wp\/v2\/posts\/891\/revisions"}],"predecessor-version":[{"id":931,"href":"https:\/\/www.estudiodelier.es\/blog\/wp-json\/wp\/v2\/posts\/891\/revisions\/931"}],"wp:featuredmedia":[{"embeddable":true,"href":"https:\/\/www.estudiodelier.es\/blog\/wp-json\/wp\/v2\/media\/922"}],"wp:attachment":[{"href":"https:\/\/www.estudiodelier.es\/blog\/wp-json\/wp\/v2\/media?parent=891"}],"wp:term":[{"taxonomy":"category","embeddable":true,"href":"https:\/\/www.estudiodelier.es\/blog\/wp-json\/wp\/v2\/categories?post=891"},{"taxonomy":"post_tag","embeddable":true,"href":"https:\/\/www.estudiodelier.es\/blog\/wp-json\/wp\/v2\/tags?post=891"}],"curies":[{"name":"wp","href":"https:\/\/api.w.org\/{rel}","templated":true}]}}